{"id":221,"date":"2023-01-23T14:14:48","date_gmt":"2023-01-23T13:14:48","guid":{"rendered":"https:\/\/blogsaverroes.juntadeandalucia.es\/programasccl\/?p=221"},"modified":"2024-04-09T08:28:05","modified_gmt":"2024-04-09T06:28:05","slug":"sevilla-2022-2023","status":"publish","type":"post","link":"https:\/\/blogsaverroes.juntadeandalucia.es\/programasccl\/2023\/01\/23\/sevilla-2022-2023\/","title":{"rendered":"Sevilla 2022- 2023"},"content":{"rendered":"<p style=\"text-align: center;\"><img loading=\"lazy\" decoding=\"async\" class=\"alignnone size-large wp-image-207\" src=\"https:\/\/blogsaverroes.juntadeandalucia.es\/programasccl\/files\/2023\/01\/SE23-1024x576.jpg\" alt=\"\" width=\"1024\" height=\"576\" srcset=\"https:\/\/blogsaverroes.juntadeandalucia.es\/programasccl\/files\/2023\/01\/SE23-1024x576.jpg 1024w, https:\/\/blogsaverroes.juntadeandalucia.es\/programasccl\/files\/2023\/01\/SE23-300x169.jpg 300w, https:\/\/blogsaverroes.juntadeandalucia.es\/programasccl\/files\/2023\/01\/SE23-768x432.jpg 768w, https:\/\/blogsaverroes.juntadeandalucia.es\/programasccl\/files\/2023\/01\/SE23-1536x864.jpg 1536w, https:\/\/blogsaverroes.juntadeandalucia.es\/programasccl\/files\/2023\/01\/SE23.jpg 1920w\" sizes=\"(max-width: 1024px) 100vw, 1024px\" \/><\/p>\n<ul>\n<li><a href=\"https:\/\/sites.google.com\/view\/comunicacervantes\/inicio#h.rzt8ktewuqtp\" target=\"_blank\" rel=\"noopener noreferrer\">IES Miguel de Cervantes (Sevilla)<\/a><\/li>\n<li><a href=\"https:\/\/blogsaverroes.juntadeandalucia.es\/iesgalileogalilei\/2023\/06\/01\/7911\/\" target=\"_blank\" rel=\"noopener noreferrer\">IES Galileo Galilei (Dos Hermanas)<\/a><\/li>\n<li><a href=\"https:\/\/sites.google.com\/view\/comunica-ies-antonio-machado\/eso\/taller-desenreda\" target=\"_blank\" rel=\"noopener noreferrer\">IES Antonio Machado (Sevilla)<\/a><\/li>\n<li><a href=\"https:\/\/blogsaverroes.juntadeandalucia.es\/iesaznalcollar\/2023\/06\/23\/taller-desenreda-alfabetizacion-mediatica\/\" target=\"_blank\" rel=\"noopener noreferrer\">IES Aznalc\u00f3llar (Aznalc\u00f3llar)<\/a><\/li>\n<li>IES Ostippo (Estepa)<\/li>\n<li><a href=\"https:\/\/sites.google.com\/g.educaand.es\/lavozdelalumno\/desenreda\" target=\"_blank\" rel=\"noopener noreferrer\">IES Pepe Ruiz Vela (Villaverde del R\u00edo)<\/a><\/li>\n<li><a href=\"https:\/\/www.iesbeatrizdesuabia.es\/?page_id=763\" target=\"_blank\" rel=\"noopener noreferrer\">IES Beatriz de Suabia (Sevilla)<\/a><\/li>\n<li><a href=\"https:\/\/iespoligonosur.org\/desenreda-talleres-de-alfabetizacion-mediatica\/\" target=\"_blank\" rel=\"noopener noreferrer\">IES Pol\u00edgono Sur (Sevilla)<\/a><\/li>\n<li>IES Jos\u00e9 Saramago (Marinaleda)<\/li>\n<li>IES Alvareda (Dos Hermanas)<\/li>\n<li>I.E.S. Al-Guadaira (Alcal\u00e1 de Guada\u00edra)<\/li>\n<li><a href=\"https:\/\/sites.google.com\/iestierradelagunas.com\/planes-y-programas\/2022-2023?authuser=0\" target=\"_blank\" rel=\"noopener noreferrer\">IES Tierra de Lagunas (La Lantejuela)<\/a><\/li>\n<li><a href=\"https:\/\/sites.google.com\/iespablodeolavide.com\/comunica\/inicio\" target=\"_blank\" rel=\"noopener noreferrer\">IES Pablo de Olavide (La Luisiana)<\/a><\/li>\n<li><a href=\"https:\/\/radiogonzi.carrd.co\/\" target=\"_blank\" rel=\"noopener noreferrer\">IES Gonzalo Nazareno (Dos Hermanas)<\/a><\/li>\n<li><a href=\"https:\/\/sites.google.com\/g.educaand.es\/newsletter-murillo\/inicio\" target=\"_blank\" rel=\"noopener noreferrer\">IES Murillo (Sevilla)<\/a><\/li>\n<li><a href=\"https:\/\/sites.google.com\/iesramoncarande.com\/proa2022-23\/alfabetizaci%C3%B3n-medi%C3%A1tica\" target=\"_blank\" rel=\"noopener noreferrer\">IES Ram\u00f3n Carande (Sevilla)<\/a><\/li>\n<li><a href=\"https:\/\/sites.google.com\/g.educaand.es\/helichecomunica\/desenredea?pli=1\" target=\"_blank\" rel=\"noopener noreferrer\">IES Heliche (Olivares)<\/a><\/li>\n<li><a href=\"https:\/\/blogsaverroes.juntadeandalucia.es\/diamantinocomunica\/2023\/06\/12\/desenreda-taller-de-periodismo-en-3-o-y-4-o-eso\/\" target=\"_blank\" rel=\"noopener noreferrer\">IES Diamantino Garc\u00eda Acosta (Sevilla)<\/a><\/li>\n<li><a href=\"http:\/\/iesfelixsevilla.es\/taller-desenreda\/\" target=\"_blank\" rel=\"noopener noreferrer\">IES F\u00e9lix Rodr\u00edguez de la Fuente (Sevilla)<\/a><\/li>\n<li><a href=\"https:\/\/www.iesalminar.es\/taller-de-alfabetizacion-mediatica-desenreda-en-nuestro-centro\/\" target=\"_blank\" rel=\"noopener noreferrer\">IES Alminar (Bollullos de la Mitaci\u00f3n)<\/a><\/li>\n<li><a href=\"https:\/\/sites.google.com\/iesilipamagna.es\/comunica\/inicio\/curso-2022-2023\/desenreda-taller-alfabetizaci%C3%B3n-medi%C3%A1tica?authuser=1\" target=\"_blank\" rel=\"noopener noreferrer\">IES Ilipa Magna (Alcal\u00e1 del R\u00edo)<\/a><\/li>\n<\/ul>\n","protected":false},"excerpt":{"rendered":"<p>IES Miguel de Cervantes (Sevilla) IES Galileo Galilei (Dos Hermanas) IES Antonio Machado (Sevilla) IES Aznalc\u00f3llar (Aznalc\u00f3llar) IES Ostippo (Estepa) IES Pepe Ruiz Vela (Villaverde del R\u00edo) IES Beatriz de Suabia (Sevilla) IES Pol\u00edgono&#46;&#46;&#46;<\/p>\n","protected":false},"author":1051,"featured_media":207,"comment_status":"open","ping_status":"open","sticky":false,"template":"","format":"standard","meta":{"ngg_post_thumbnail":0,"footnotes":""},"categories":[14],"tags":[15],"aioseo_notices":[],"_links":{"self":[{"href":"https:\/\/blogsaverroes.juntadeandalucia.es\/programasccl\/wp-json\/wp\/v2\/posts\/221"}],"collection":[{"href":"https:\/\/blogsaverroes.juntadeandalucia.es\/programasccl\/wp-json\/wp\/v2\/posts"}],"about":[{"href":"https:\/\/blogsaverroes.juntadeandalucia.es\/programasccl\/wp-json\/wp\/v2\/types\/post"}],"author":[{"embeddable":true,"href":"https:\/\/blogsaverroes.juntadeandalucia.es\/programasccl\/wp-json\/wp\/v2\/users\/1051"}],"replies":[{"embeddable":true,"href":"https:\/\/blogsaverroes.juntadeandalucia.es\/programasccl\/wp-json\/wp\/v2\/comments?post=221"}],"version-history":[{"count":21,"href":"https:\/\/blogsaverroes.juntadeandalucia.es\/programasccl\/wp-json\/wp\/v2\/posts\/221\/revisions"}],"predecessor-version":[{"id":350,"href":"https:\/\/blogsaverroes.juntadeandalucia.es\/programasccl\/wp-json\/wp\/v2\/posts\/221\/revisions\/350"}],"wp:featuredmedia":[{"embeddable":true,"href":"https:\/\/blogsaverroes.juntadeandalucia.es\/programasccl\/wp-json\/wp\/v2\/media\/207"}],"wp:attachment":[{"href":"https:\/\/blogsaverroes.juntadeandalucia.es\/programasccl\/wp-json\/wp\/v2\/media?parent=221"}],"wp:term":[{"taxonomy":"category","embeddable":true,"href":"https:\/\/blogsaverroes.juntadeandalucia.es\/programasccl\/wp-json\/wp\/v2\/categories?post=221"},{"taxonomy":"post_tag","embeddable":true,"href":"https:\/\/blogsaverroes.juntadeandalucia.es\/programasccl\/wp-json\/wp\/v2\/tags?post=221"}],"curies":[{"name":"wp","href":"https:\/\/api.w.org\/{rel}","templated":true}]}}