{"id":544,"date":"2018-11-21T12:57:02","date_gmt":"2018-11-21T12:57:02","guid":{"rendered":"https:\/\/blogsaverroes.juntadeandalucia.es\/programasinternacionales\/?p=544"},"modified":"2018-11-28T12:56:12","modified_gmt":"2018-11-28T12:56:12","slug":"jornada-formativa-elaboracion-de-proyectos-erasmus-ka1","status":"publish","type":"post","link":"https:\/\/blogsaverroes.juntadeandalucia.es\/programasinternacionales\/2018\/11\/21\/jornada-formativa-elaboracion-de-proyectos-erasmus-ka1\/","title":{"rendered":"Jornada formativa &#8211; elaboraci\u00f3n de Proyectos Erasmus+ KA1"},"content":{"rendered":"<p><a href=\"https:\/\/blogsaverroes.juntadeandalucia.es\/plurilinguismodelegaciongranada\/files\/2018\/11\/PANTALLAZO-KA1.jpg\"><img loading=\"lazy\" decoding=\"async\" class=\"size-medium wp-image-4792 aligncenter\" src=\"https:\/\/blogsaverroes.juntadeandalucia.es\/plurilinguismodelegaciongranada\/files\/2018\/11\/PANTALLAZO-KA1-300x174.jpg\" alt=\"\" width=\"300\" height=\"174\"><\/a><\/p>\n<p>El pr\u00f3ximo<strong> jueves 29 de noviembre <\/strong>se desarrollar\u00e1 en el Centro del Profesorado de Granada la actividad<strong> \u00abERASMUS+ KA1 PROYECTOS EUROPEOS PARA CENTROS DE LA PROVINCIA DE GRANADA\u00bb<\/strong> en dos sesiones:<\/p>\n<p>&nbsp;&nbsp;&nbsp; &#8211;<b> SESI\u00d3N DE MA\u00d1ANA<\/b>: para centros que imparten <b>Ense\u00f1anzas de R\u00e9gimen Especial y Centros de Educaci\u00f3n Permanente.<\/b><\/p>\n<p>&nbsp;&nbsp;&nbsp; &#8211; <b>SESI\u00d3N DE TARDE:<\/b> para centros que imparten <b>Educaci\u00f3n Infantil, Primaria, Secundaria, Bachilleratos y Formaci\u00f3n Profesion<\/b><b>al.<\/b><\/p>\n<p>&nbsp;&nbsp;&nbsp; Tras la Jornada informativa en la que se present\u00f3 la Convocatoria 2019, esta actividad formativa pretende incidir en las <b>claves de calidad<\/b> para la elaboraci\u00f3n de proyectos dentro de la Acci\u00f3n Clave 1 (KA1), y consta de la parte presencial del d\u00eda 29, as\u00ed como de una parte online de acompa\u00f1amiento en la elaboraci\u00f3n de propuestas.<\/p>\n<p>&nbsp;&nbsp;&nbsp; Por tratarse de una actividad de \u00e1mbito provincial, la sesi\u00f3n presencial se desarrollar\u00e1 en el Centro del Profesorado de Granada, si bien se gestiona desde el CEP de Baza por parte de la asesora de formaci\u00f3n Antonia Rom\u00e1n Hern\u00e1ndez, a la que pueden trasladar cualquier consulta en <a href=\"mailto:antonia.roman.edu@juntadeandalucia.es\"><b>este correo electr\u00f3nico<\/b><\/a>.<\/p>\n<p>&nbsp;&nbsp;&nbsp; En el caso desde el centro que dirige exista inter\u00e9s por elaborar una propuesta en KA1 para participar en la Convocatoria 2019, el profesorado interesado puede inscribirse a trav\u00e9s de los enlaces que se proporcionan en los siguientes documentos informativos:<\/p>\n<table width=\"1289\" cellspacing=\"2\" cellpadding=\"2\" border=\"1\">\n<tbody>\n<tr align=\"center\">\n<td valign=\"top\">\n<h4><b> <a href=\"https:\/\/drive.google.com\/file\/d\/1heILrCCBMdAaQr8kB-tzublZokRhKI0C\/view?usp=sharing\">SESI\u00d3N DE MA\u00d1ANA. Ense\u00f1anzas de R\u00e9gimen Especial y Centros de Educaci\u00f3n Permanente<\/a><\/b><\/h4>\n<\/td>\n<\/tr>\n<tr align=\"center\">\n<td valign=\"top\">\n<h4><a href=\"https:\/\/drive.google.com\/file\/d\/1-hC_fCFPLcMJvu_K2W_6KnTN9Wm6Dhdd\/view?usp=sharing\"><b>SESI\u00d3N DE TARDE. Educaci\u00f3n Infantil, Primaria, Secundaria, Bachilleratos y Formaci\u00f3n Profesion<\/b><b>al<\/b><\/a><\/h4>\n<\/td>\n<\/tr>\n<\/tbody>\n<\/table>\n","protected":false},"excerpt":{"rendered":"<p>El pr\u00f3ximo jueves 29 de noviembre se desarrollar\u00e1 en el Centro del Profesorado de Granada la actividad \u00abERASMUS+ KA1 PROYECTOS EUROPEOS PARA CENTROS DE LA PROVINCIA DE GRANADA\u00bb en dos sesiones: &nbsp;&nbsp;&nbsp; &#8211; SESI\u00d3N&#46;&#46;&#46;<\/p>\n","protected":false},"author":3720,"featured_media":552,"comment_status":"open","ping_status":"open","sticky":false,"template":"","format":"standard","meta":{"ngg_post_thumbnail":0,"footnotes":""},"categories":[21040],"tags":[21040,796226],"aioseo_notices":[],"_links":{"self":[{"href":"https:\/\/blogsaverroes.juntadeandalucia.es\/programasinternacionales\/wp-json\/wp\/v2\/posts\/544"}],"collection":[{"href":"https:\/\/blogsaverroes.juntadeandalucia.es\/programasinternacionales\/wp-json\/wp\/v2\/posts"}],"about":[{"href":"https:\/\/blogsaverroes.juntadeandalucia.es\/programasinternacionales\/wp-json\/wp\/v2\/types\/post"}],"author":[{"embeddable":true,"href":"https:\/\/blogsaverroes.juntadeandalucia.es\/programasinternacionales\/wp-json\/wp\/v2\/users\/3720"}],"replies":[{"embeddable":true,"href":"https:\/\/blogsaverroes.juntadeandalucia.es\/programasinternacionales\/wp-json\/wp\/v2\/comments?post=544"}],"version-history":[{"count":2,"href":"https:\/\/blogsaverroes.juntadeandalucia.es\/programasinternacionales\/wp-json\/wp\/v2\/posts\/544\/revisions"}],"predecessor-version":[{"id":546,"href":"https:\/\/blogsaverroes.juntadeandalucia.es\/programasinternacionales\/wp-json\/wp\/v2\/posts\/544\/revisions\/546"}],"wp:featuredmedia":[{"embeddable":true,"href":"https:\/\/blogsaverroes.juntadeandalucia.es\/programasinternacionales\/wp-json\/wp\/v2\/media\/552"}],"wp:attachment":[{"href":"https:\/\/blogsaverroes.juntadeandalucia.es\/programasinternacionales\/wp-json\/wp\/v2\/media?parent=544"}],"wp:term":[{"taxonomy":"category","embeddable":true,"href":"https:\/\/blogsaverroes.juntadeandalucia.es\/programasinternacionales\/wp-json\/wp\/v2\/categories?post=544"},{"taxonomy":"post_tag","embeddable":true,"href":"https:\/\/blogsaverroes.juntadeandalucia.es\/programasinternacionales\/wp-json\/wp\/v2\/tags?post=544"}],"curies":[{"name":"wp","href":"https:\/\/api.w.org\/{rel}","templated":true}]}}