{"id":576,"date":"2019-05-31T12:00:47","date_gmt":"2019-05-31T12:00:47","guid":{"rendered":"https:\/\/blogsaverroes.juntadeandalucia.es\/programasinternacionales\/?p=576"},"modified":"2019-05-31T12:00:47","modified_gmt":"2019-05-31T12:00:47","slug":"curso-integra-etwinning","status":"publish","type":"post","link":"https:\/\/blogsaverroes.juntadeandalucia.es\/programasinternacionales\/2019\/05\/31\/curso-integra-etwinning\/","title":{"rendered":"CURSO INTEGRA eTwinning"},"content":{"rendered":"<p><a href=\"https:\/\/blogsaverroes.juntadeandalucia.es\/programasinternacionales\/files\/2019\/05\/integra.jpg\"><img loading=\"lazy\" decoding=\"async\" class=\"aligncenter wp-image-577 size-full\" src=\"https:\/\/blogsaverroes.juntadeandalucia.es\/programasinternacionales\/files\/2019\/05\/integra.jpg\" alt=\"\" width=\"600\" height=\"125\" srcset=\"https:\/\/blogsaverroes.juntadeandalucia.es\/programasinternacionales\/files\/2019\/05\/integra.jpg 600w, https:\/\/blogsaverroes.juntadeandalucia.es\/programasinternacionales\/files\/2019\/05\/integra-300x63.jpg 300w, https:\/\/blogsaverroes.juntadeandalucia.es\/programasinternacionales\/files\/2019\/05\/integra-24x5.jpg 24w, https:\/\/blogsaverroes.juntadeandalucia.es\/programasinternacionales\/files\/2019\/05\/integra-36x8.jpg 36w, https:\/\/blogsaverroes.juntadeandalucia.es\/programasinternacionales\/files\/2019\/05\/integra-48x10.jpg 48w\" sizes=\"(max-width: 600px) 100vw, 600px\" \/><\/a><\/p>\n<p>Dentro de la 2\u00aa edici\u00f3n de 2019 de los cursos del Instituto Nacional de Tecnolog\u00edas Educativas y de Formaci\u00f3n del Profesorado (INTEF) se ofertan 500 plazas en el curso Integra eTwinning, que se desarrollar\u00e1 desde el 12 de septiembre hasta el 12 de noviembre de 2019.<\/p>\n<p>El plazo de presentaci\u00f3n de solicitudes finaliza el pr\u00f3ximo <strong>5 de junio de 2019 a las 23:59h<\/strong>.<\/p>\n<p>Se trata de un curso m\u00e1s&nbsp; avanzado sobre eTwinning (evoluci\u00f3n de Proyecta eTwinning), centrado en integrar eTwinning en la pr\u00e1ctica diaria docente, es decir, desarrollar tanto el curr\u00edculo como las competencias clave a trav\u00e9s de eTwinning.<br \/>\nEst\u00e1 dirigido a docentes, asesores\/as y miembros de equipos de orientaci\u00f3n con experiencia previa en eTwinning; no es necesario que hayan realizado previamente el curso Proyecta eTwinning, pero s\u00ed que tengan conocimientos b\u00e1sicos de eTwinning pues se obviar\u00e1n pasos y fases iniciales de eTwinning.<br \/>\nSe certificar\u00e1n 70 horas.<\/p>\n<p style=\"text-align: center\"><strong>M\u00c1S INFORMACI\u00d3N<\/strong><\/p>\n<table>\n<tbody>\n<tr>\n<td style=\"text-align: center\"><strong><a class=\"ico_enlaceExt\" title=\"Se abre en una nueva ventana\" href=\"http:\/\/www.educacionyfp.gob.es\/servicios-al-ciudadano\/catalogo\/profesorado\/profesorado-no-universitario\/cursos-y-jornadas\/formacion-en-red-profesorado.html\" target=\"_blank\" rel=\"noopener\">Enlace a SOLICITUD<\/a><\/strong><\/td>\n<\/tr>\n<tr>\n<td style=\"text-align: center\"><strong><a class=\"ico_enlaceExt\" title=\"Se abre en una nueva ventana\" href=\"http:\/\/etwinning.es\/es\/inscripcion-para-el-curso-tutorizado-integra-etwinning\/\" target=\"_blank\" rel=\"noopener\">Art\u00edculo en el portal nacional eTwinning<\/a><\/strong><\/td>\n<\/tr>\n<tr>\n<td style=\"text-align: center\"><strong><a class=\"ico_enlaceExt\" title=\"Se abre en una nueva ventana\" href=\"http:\/\/www.educacionyfp.gob.es\/dam\/jcr:a40a6d98-19f3-4b8c-b7db-895f16bf0bf1\/09-ficha-intef-integra%20%20etw.pdf\" target=\"_blank\" rel=\"noopener\">Ficha informativa del curso<\/a><\/strong><\/td>\n<\/tr>\n<tr>\n<td style=\"text-align: center\"><strong><a class=\"ico_enlaceExt\" title=\"Se abre en una nueva ventana\" href=\"http:\/\/www.educacionyfp.gob.es\/dam\/jcr:8c553616-58a9-42c1-aac2-9e34d07c88c3\/instrucciones-cursos-formacion-red-profesorado-%20intef-201-1ed%20v5%20(2).pdf\" target=\"_blank\" rel=\"noopener\">Instrucciones para cumplimentar la solicitud<\/a><\/strong><\/td>\n<\/tr>\n<\/tbody>\n<\/table>\n<p>&nbsp;<\/p>\n<p>&nbsp;<\/p>\n","protected":false},"excerpt":{"rendered":"<p>Dentro de la 2\u00aa edici\u00f3n de 2019 de los cursos del Instituto Nacional de Tecnolog\u00edas Educativas y de Formaci\u00f3n del Profesorado (INTEF) se ofertan 500 plazas en el curso Integra eTwinning, que se desarrollar\u00e1&#46;&#46;&#46;<\/p>\n","protected":false},"author":3720,"featured_media":577,"comment_status":"open","ping_status":"open","sticky":false,"template":"","format":"standard","meta":{"ngg_post_thumbnail":0,"footnotes":""},"categories":[10635,81],"tags":[10635,81],"aioseo_notices":[],"_links":{"self":[{"href":"https:\/\/blogsaverroes.juntadeandalucia.es\/programasinternacionales\/wp-json\/wp\/v2\/posts\/576"}],"collection":[{"href":"https:\/\/blogsaverroes.juntadeandalucia.es\/programasinternacionales\/wp-json\/wp\/v2\/posts"}],"about":[{"href":"https:\/\/blogsaverroes.juntadeandalucia.es\/programasinternacionales\/wp-json\/wp\/v2\/types\/post"}],"author":[{"embeddable":true,"href":"https:\/\/blogsaverroes.juntadeandalucia.es\/programasinternacionales\/wp-json\/wp\/v2\/users\/3720"}],"replies":[{"embeddable":true,"href":"https:\/\/blogsaverroes.juntadeandalucia.es\/programasinternacionales\/wp-json\/wp\/v2\/comments?post=576"}],"version-history":[{"count":1,"href":"https:\/\/blogsaverroes.juntadeandalucia.es\/programasinternacionales\/wp-json\/wp\/v2\/posts\/576\/revisions"}],"predecessor-version":[{"id":578,"href":"https:\/\/blogsaverroes.juntadeandalucia.es\/programasinternacionales\/wp-json\/wp\/v2\/posts\/576\/revisions\/578"}],"wp:featuredmedia":[{"embeddable":true,"href":"https:\/\/blogsaverroes.juntadeandalucia.es\/programasinternacionales\/wp-json\/wp\/v2\/media\/577"}],"wp:attachment":[{"href":"https:\/\/blogsaverroes.juntadeandalucia.es\/programasinternacionales\/wp-json\/wp\/v2\/media?parent=576"}],"wp:term":[{"taxonomy":"category","embeddable":true,"href":"https:\/\/blogsaverroes.juntadeandalucia.es\/programasinternacionales\/wp-json\/wp\/v2\/categories?post=576"},{"taxonomy":"post_tag","embeddable":true,"href":"https:\/\/blogsaverroes.juntadeandalucia.es\/programasinternacionales\/wp-json\/wp\/v2\/tags?post=576"}],"curies":[{"name":"wp","href":"https:\/\/api.w.org\/{rel}","templated":true}]}}