{"id":1057,"date":"2022-09-17T18:44:06","date_gmt":"2022-09-17T18:44:06","guid":{"rendered":"https:\/\/blogsaverroes.juntadeandalucia.es\/proyectomeraky\/?p=1057"},"modified":"2022-09-17T18:44:06","modified_gmt":"2022-09-17T18:44:06","slug":"identidad-digital-2-0","status":"publish","type":"post","link":"https:\/\/blogsaverroes.juntadeandalucia.es\/proyectomeraky\/2022\/09\/17\/identidad-digital-2-0\/","title":{"rendered":"IDENTIDAD DIGITAL. 2.0"},"content":{"rendered":"<p style=\"text-align: justify\">En tiempos de hiperconectividad, somos lo que internet dice que somos. Todas nuestras acciones nos definen, tanto nuestros me gusta, los comentarios que hacemos en publicaciones, fotos que subimos a Instagram, compras, visitas, etc.. como los comentarios que otras personas vierten sobre nosotros en la red y&nbsp;contribuyen a formar la percepci\u00f3n que los dem\u00e1s tienen sobre cada uno de nosotros.<\/p>\n<p style=\"text-align: justify\">Por ello, es imprescindible conocer en qu\u00e9 consiste la identidad digital y c\u00f3mo se construye una identidad personal positiva.<\/p>\n<p style=\"text-align: justify\">Por ello, es imprescindible conocer en qu\u00e9 consiste la identidad digital y c\u00f3mo se construye una identidad personal positiva.&nbsp;<\/p>\n<p style=\"text-align: justify\"><i>El desarrollo de las Tecnolog\u00edas de la Informaci\u00f3n y la Comunicaci\u00f3n, y en especial Internet, ha creado un nuevo escenario en el que las relaciones personales cobran protagonismo. Los servicios de Internet y la Web 2.0 (redes sociales, blogs, foros, wikis, microblogging, etc.) constituyen canales multidireccionales y abiertos, que permiten a sus usuarios lograr la m\u00e1xima interacci\u00f3n entre ellos, a la vez que ofrecen nuevas posibilidades de colaboraci\u00f3n, expresi\u00f3n y participaci\u00f3n. En este contexto, indudablemente, el ciudadano se muestra con una serie de atributos que definen su personalidad online.<\/i><\/p>\n<p style=\"text-align: justify\">Gu\u00eda para usuarios: identidad digital y reputaci\u00f3n online, publicado por el&nbsp;Instituto Nacional de Tecnolog\u00edas de la Comunicaci\u00f3n (INTECO. Ministerio de Industria, Energ\u00eda y Turismo. Edici\u00f3n: Julio 2012)<\/p>\n<p style=\"text-align: justify\">&nbsp;<span class=\"\"><strong>\u00bfQU\u00c9 ES LA IDENTIDAD DIGITAL?<\/strong><\/span><\/p>\n<p style=\"text-align: justify\">Es el conjunto de informaci\u00f3n sobre una persona u organizaci\u00f3n expuesta en internet que permite describirla en el plano digital.&nbsp;Todo lo que nos identifica en el entorno online.<\/p>\n<p style=\"text-align: justify\">La identidad digital o identidad 2.0 se relaciona con el concepto de \u00abreputaci\u00f3n online\u00bb, siendo \u00e9sta \u00faltima la opini\u00f3n o consideraci\u00f3n que otros usuarios tienen de la vivencia online de una persona u organizaci\u00f3n.<\/p>\n<p><iframe loading=\"lazy\" title=\"Identidad digital. \u00bfQui\u00e9nes somos en la red?\" width=\"525\" height=\"295\" src=\"https:\/\/www.youtube.com\/embed\/rNmXiYY9iHA?feature=oembed\" frameborder=\"0\" allow=\"accelerometer; autoplay; clipboard-write; encrypted-media; gyroscope; picture-in-picture\" allowfullscreen><\/iframe><\/p>\n<h3><strong>CARACTER\u00cdSTICAS DE LA IDENTIDAD DIGITAL<\/strong><\/h3>\n<div class=\"no-overflow\">\n<p style=\"text-align: justify\">Seg\u00fan la OCDE las caracter\u00edsticas de la identidad digital son las siguientes:&nbsp;<\/p>\n<div class=\"editor-indent\" style=\"text-align: justify\">\n<p style=\"padding-left: 40px\">1.&nbsp;<strong>Esencialmente social.&nbsp;<\/strong>A medida que las personas proyectan su identidad en la red la comunidad digital le caracteriza y reconocen de forma efectiva.<\/p>\n<p style=\"padding-left: 40px\">2.&nbsp;<strong>Subjetiva.&nbsp;<\/strong>Supone la percepci\u00f3n del yo y del nosotros que est\u00e1 basada en las experiencias digitales que diferentes personas construyen y que les permiten reconocerles.<\/p>\n<p style=\"padding-left: 40px\">3.&nbsp;<strong>Referencial.&nbsp;<\/strong>Una identidad es una referencia a una persona u objeto.<\/p>\n<p style=\"padding-left: 40px\">4.&nbsp;<strong>Compuesta,&nbsp;<\/strong>dado que est\u00e1 constituida por lo que mostramos voluntariamente y por lo que terceras personas muestran de nosotros.<\/p>\n<p style=\"padding-left: 40px\">5.&nbsp;<strong>Din\u00e1mica.&nbsp;<\/strong>Se encuentra en cambio y modificaci\u00f3n permanente.<\/p>\n<\/div>\n<p style=\"text-align: justify\">La identidad digital produce consecuencias y \u00e9stas pueden ser positivas o negativas. Es por ello, que es importante dise\u00f1ar y controlar nuestra propia identidad digital.<\/p>\n<h3><strong>IDENTIDAD DIGITAL POSITIVA<\/strong><\/h3>\n<div id=\"yui_3_17_2_1_1663440073258_45\" class=\"no-overflow\">\n<p style=\"text-align: justify\">Siendo conscientes del impacto de nuestra presencia en internet es importante valorar la necesidad de crear una&nbsp;imagen digital positiva. Para ello, es imprescindible que analicemos el&nbsp;objetivo de nuestras publicaciones, reflexionar sobre el&nbsp;contenido&nbsp;que queremos compartir y la transcendencia que puede llegar a tener.<\/p>\n<p style=\"text-align: justify\">La creaci\u00f3n de la identidad digital puede y debe ser una oportunidad para crear contenidos que favorezcan la autoestima, el autoconocimiento, as\u00ed como un espacio donde poder gestionar nuestro talento y aportar valor social.<\/p>\n<h5 style=\"text-align: justify\"><span style=\"color: #000000\"><strong><span class=\"\">\u00bfC\u00f3mo podemos guiar en la construcci\u00f3n de una identidad digital positiva?<\/span><\/strong><\/span><\/h5>\n<p style=\"text-align: justify\">Tenemos que indicar la importancia de no transmitir conductas o h\u00e1bitos poco saludables, porque \u00e9stas pueden perjudicar la reputaci\u00f3n digital y fomentar este tipo de actitudes entre las personas que interact\u00faan con el contenido que compartimos.<\/p>\n<p style=\"text-align: justify\">Es importante que creemos un espacio de reflexi\u00f3n para que nuestro alumnado valore el impacto que tienen las publicaciones en internet y que fomentemos la protecci\u00f3n de la privacidad y seguridad.<\/p>\n<p style=\"text-align: justify\">Reflexionar sobre la necesidad de limitar la difusi\u00f3n de datos personales o sensibles para evitar ser v\u00edctimas de ciberdelitos, configurar adecuadamente las opciones de privacidad personaliz\u00e1ndolas y mejorando la seguridad, mantener privados los perfiles para que la difusi\u00f3n no sea indiscriminada seleccionando las amistades que aceptamos o activar el control de etiquetas para filtrar los contenidos que otras personas puedan publicar en su perfil sobre nosotros es imprescindible para construir una identidad digital positiva.<\/p>\n<p style=\"text-align: justify\">Aprender a gestionar problemas relacionados con nuestra identidad digital solicitando ayuda lo antes posible, comunic\u00e1ndolo a nuestros familiares, borrando los contenidos o solicitando eliminarlos, en caso de que otros los hayan publicado.<\/p>\n<p id=\"yui_3_17_2_1_1663440073258_44\" style=\"text-align: justify\">Y no olvidar recordar que las personas tienen&nbsp;derecho a gestionar su propia identidad digital,&nbsp;por tanto, nunca se puede publicar informaci\u00f3n o im\u00e1genes&nbsp;<span id=\"yui_3_17_2_1_1663440073258_43\">de los dem\u00e1s sin su permiso, mucho menos si estas son da\u00f1inas y\/o perjudiciales hacia otras personas. Y conocer las consecuencias de publicar contenidos perjudiciales (ciberdelitos y dificultades de acceso al mercado de trabajo).<\/span><\/p>\n<div class=\"mediaplugin mediaplugin_videojs d-block\">\n<div>\n<div id=\"id_videojs_632614c7538bd_1\" class=\"video-js vjs-paused vjs-fluid id_videojs_632614c7538bd_1-dimensions vjs-controls-enabled vjs-workinghover vjs-v7 vjs-user-active vjs-youtube\" lang=\"es\" style=\"text-align: justify\" title=\"Tu identidad digital depende de ti - IS4K.avi\" role=\"region\" data-setup-lazy=\"{&quot;techOrder&quot;: [&quot;youtube&quot;], &quot;sources&quot;: [{&quot;type&quot;: &quot;video\/youtube&quot;, &quot;src&quot;:&quot;http:\/\/www.youtube.com\/v\/2PnYNAO_9CI&quot;}], &quot;language&quot;: &quot;es&quot;, &quot;fluid&quot;: true}\" aria-label=\"Reproductor de video\">\n<div><iframe loading=\"lazy\" src=\"https:\/\/www.youtube.com\/embed\/2PnYNAO_9CI?controls=0&amp;modestbranding=1&amp;rel=0&amp;showinfo=0&amp;loop=0&amp;fs=0&amp;hl=es&amp;enablejsapi=1&amp;origin=https%3A%2F%2Feducacionadistancia.juntadeandalucia.es&amp;widgetid=1\" width=\"640\" height=\"360\" frameborder=\"0\"><\/iframe><\/div>\n<div class=\"vjs-poster\">&nbsp;<\/div>\n<div class=\"vjs-text-track-display\">&nbsp;<\/div>\n<p><button class=\"vjs-big-play-button\" title=\"Reproducir V\u00eddeo\" type=\"button\"><span class=\"vjs-control-text\">Reproducir V\u00eddeo<\/span><\/button><\/div>\n<\/div>\n<\/div>\n<\/div>\n<\/div>\n","protected":false},"excerpt":{"rendered":"<p>En tiempos de hiperconectividad, somos lo que internet dice que somos. Todas nuestras acciones nos definen, tanto nuestros me gusta, los comentarios que hacemos en publicaciones, fotos que subimos a Instagram, compras, visitas, etc.. como los comentarios que otras personas vierten sobre nosotros en la red y&nbsp;contribuyen a formar la percepci\u00f3n que los dem\u00e1s tienen &hellip; <\/p>\n<p class=\"link-more\"><a href=\"https:\/\/blogsaverroes.juntadeandalucia.es\/proyectomeraky\/2022\/09\/17\/identidad-digital-2-0\/\" class=\"more-link\">Continuar leyendo<span class=\"screen-reader-text\"> \u00abIDENTIDAD DIGITAL. 2.0\u00bb<\/span><\/a><\/p>\n","protected":false},"author":1631,"featured_media":1058,"comment_status":"open","ping_status":"open","sticky":false,"template":"","format":"standard","meta":{"ngg_post_thumbnail":0,"footnotes":""},"categories":[1842541],"tags":[1842592,1842591,1842547,4],"aioseo_notices":[],"_links":{"self":[{"href":"https:\/\/blogsaverroes.juntadeandalucia.es\/proyectomeraky\/wp-json\/wp\/v2\/posts\/1057"}],"collection":[{"href":"https:\/\/blogsaverroes.juntadeandalucia.es\/proyectomeraky\/wp-json\/wp\/v2\/posts"}],"about":[{"href":"https:\/\/blogsaverroes.juntadeandalucia.es\/proyectomeraky\/wp-json\/wp\/v2\/types\/post"}],"author":[{"embeddable":true,"href":"https:\/\/blogsaverroes.juntadeandalucia.es\/proyectomeraky\/wp-json\/wp\/v2\/users\/1631"}],"replies":[{"embeddable":true,"href":"https:\/\/blogsaverroes.juntadeandalucia.es\/proyectomeraky\/wp-json\/wp\/v2\/comments?post=1057"}],"version-history":[{"count":1,"href":"https:\/\/blogsaverroes.juntadeandalucia.es\/proyectomeraky\/wp-json\/wp\/v2\/posts\/1057\/revisions"}],"predecessor-version":[{"id":1059,"href":"https:\/\/blogsaverroes.juntadeandalucia.es\/proyectomeraky\/wp-json\/wp\/v2\/posts\/1057\/revisions\/1059"}],"wp:featuredmedia":[{"embeddable":true,"href":"https:\/\/blogsaverroes.juntadeandalucia.es\/proyectomeraky\/wp-json\/wp\/v2\/media\/1058"}],"wp:attachment":[{"href":"https:\/\/blogsaverroes.juntadeandalucia.es\/proyectomeraky\/wp-json\/wp\/v2\/media?parent=1057"}],"wp:term":[{"taxonomy":"category","embeddable":true,"href":"https:\/\/blogsaverroes.juntadeandalucia.es\/proyectomeraky\/wp-json\/wp\/v2\/categories?post=1057"},{"taxonomy":"post_tag","embeddable":true,"href":"https:\/\/blogsaverroes.juntadeandalucia.es\/proyectomeraky\/wp-json\/wp\/v2\/tags?post=1057"}],"curies":[{"name":"wp","href":"https:\/\/api.w.org\/{rel}","templated":true}]}}