{"id":1314,"date":"2023-09-17T11:45:29","date_gmt":"2023-09-17T11:45:29","guid":{"rendered":"https:\/\/blogsaverroes.juntadeandalucia.es\/proyectomeraky\/?p=1314"},"modified":"2023-09-17T15:58:39","modified_gmt":"2023-09-17T15:58:39","slug":"pepito-grillo","status":"publish","type":"post","link":"https:\/\/blogsaverroes.juntadeandalucia.es\/proyectomeraky\/2023\/09\/17\/pepito-grillo\/","title":{"rendered":"PEPITO GRILLO"},"content":{"rendered":"<p style=\"text-align: justify\">Me encanta septiembre, si, se que no es pol\u00edticamente correcto y que puede que alguna persona que se dedique a la docencia pudiera pensar <em>\u201cesta chica est\u00e1 loca\u201d<\/em>. Porque, es verdad, es un mes complejo: organizar los repartos de materias, los espacios, los horarios, llegar a un centro nuevo o reencontrarse, preparar material, propuestas de aula y, a veces, hasta limpiarla, decir adi\u00f3s al descanso y hola a la burocracia, todo esto es septiembre para el profesorado. Pero, tambi\u00e9n es ilusi\u00f3n por un nuevo proyecto, por una nueva aventura, es momento del proceso creativo, de las propuestas que, con mucho cari\u00f1o, preparas para personas que a\u00fan no conoces pero sabes que van a formar parte de tu vida para siempre.<\/p>\n<p style=\"text-align: justify\">Para m\u00ed, los procesos creativos son adictivos, pero tambi\u00e9n inesperados. En mi caso llevo tres semanas dise\u00f1ando propuestas que arrancar\u00e1n ma\u00f1ana, y a veces siento bloqueos. En uno de estos bloqueos, he visitado las diferentes redes sociales en las que comparto y de las que soy parte, porque son fuente de inspiraci\u00f3n y aprendizaje. Cu\u00e1l ha sido mi <strong>sorpresa,<\/strong> encontrar una publicaci\u00f3n de un compa\u00f1ero compartiendo que hab\u00eda recibido un galard\u00f3n y por la que, en un momento inicial, tengo que reconocer que sent\u00ed orgullo y admiraci\u00f3n.<\/p>\n<p style=\"text-align: justify\">Pero, al leer el nombre del reconocimiento, me result\u00f3 muy familiar, estuve pensando y a mi mente ve\u00eda un premio en el que no se premiaban a personas f\u00edsicas, se premiaban a instituciones. No pod\u00eda ser el mismo porque el compa\u00f1ero hab\u00eda posteado diciendo que era un galard\u00f3n que le otorgaban a \u00e9l personalmente. Y, de nuevo, cu\u00e1l es mi sorpresa al comprobar que s\u00ed era ese el premio que yo recordaba y que efectivamente se hab\u00eda premiado a la instituci\u00f3n, donde un d\u00eda este compa\u00f1ero trabaj\u00f3 (tengo entendido que ya no lo hac\u00eda) y que el premio era al conjunto de acciones realizadas por la instituci\u00f3n, entre las que estaban, eso s\u00ed,&nbsp; las impulsadas por este compa\u00f1ero.<\/p>\n<p style=\"text-align: justify\">Bueno, esto es simplemente una an\u00e9cdota, no es m\u00e1s que una m\u00e1s de las m\u00faltiples que nos encontramos en este <strong>mundo de reconocimientos y premios,<\/strong> del que algo conozco. Simular la existencia de premios o reconocimientos, comprar algunos (incluso como uno que te otorga el osado premio a mejor del mundo), crear la convocatoria ex proceso, comprar seguidores, contar verdades a medias que conducen a la confusi\u00f3n y otras pr\u00e1cticas similares, se est\u00e1 poniendo de moda. Y, sobre todo, porque acaban recogiendo r\u00e9dito de esta pr\u00e1ctica de m\u00faltiples formas como ofreci\u00e9ndoles espacios en eventos educativos, incluso, alguno de impacto nacional y medi\u00e1tico.<\/p>\n<p style=\"text-align: justify\">Pero tengo que decir que la Patry de diecis\u00e9is a\u00f1os que luchaba por un mundo m\u00e1s justo, la que decidi\u00f3 estudiar derecho para hacerlo posible, me sigue hablando, ella es mi <span style=\"color: #99cc00\"><strong>pepito grillo<\/strong><\/span>. La que me dice que los premios, en nuestra profesi\u00f3n, no son el objetivo, deben ser el efecto secundario que a veces aparece y otras no, pero el foco no est\u00e1 en ellos. Y ojo, s\u00ed creo que son necesarios, son la palmadita en la espalda, son el <em>\u201cvas por buen camino\u201d<\/em> y a veces la oportunidad para hacer grandes cosas por nuestro alumnado. Los premios, en nuestra profesi\u00f3n son como los superpoderes y como dir\u00eda el t\u00edo de Spiderman <em>\u201ctodo superpoder implica una responsabilidad\u201d. <\/em><\/p>\n<p style=\"text-align: justify\">Nuestra profesi\u00f3n se centra en la educaci\u00f3n, no s\u00f3lo de contenidos y habilidades de ciencias, lengua, arte, cultura o profesionales, tambi\u00e9n de <strong>valores.<\/strong> Somos ejemplo para la generaci\u00f3n del futuro y es por ello que debemos cuidar aquello que decimos y, especialmente, que hacemos. Los aprendizajes intr\u00ednsecos de todo lo que hacemos como profesionales les llegan a nuestras alumnas y alumnos y si utilizamos medias verdades para alimentar nuestro ego o para progresar profesionalmente o si ninguneamos al equipo que te ha llevado a la cima ense\u00f1amos un modo de trabajar, un modo de relacionarnos y decimos \u201cas\u00ed ser\u00e1s reconocido\u201d.<\/p>\n<p style=\"text-align: justify\">Quiz\u00e1s alguno me dir\u00e1 <em>\u201cPatry, el mundo es as\u00ed, competitivo, y para ganar todo vale\u201d<\/em> pero mi yo de diecis\u00e9is a\u00f1os sigue a\u00fan fuerte en mi cabeza y me dice que NO es verdad. Me encanta la frase de <strong>Freire<\/strong> <em>\u201clas cosas no son as\u00ed, est\u00e1n as\u00ed\u201d<\/em> por la puerta que deja abierta a que podemos cambiarlas. Tengo muy claro que estamos ante constructos sociales aprendidos, a veces no reflexionados. Tambi\u00e9n que incluso no hemos pensado la repercusi\u00f3n de lo que decimos y hacemos, porque lo hemos heredado y as\u00ed recientemente lo estamos viendo en las conductas machistas que se llevan a debate en la sociedad y que nos hacen reflexionar sobre cuando de dolo hay detr\u00e1s de ellas y cuanto de herencia no reflexionada.<\/p>\n<p style=\"text-align: justify\">Hoy domingo, he desayunado con <span style=\"color: #99cc00\"><em><strong>\u201cpepito grillo\u201d,<\/strong><\/em><\/span> me ha hecho plantearme mi propia pr\u00e1ctica, me ha recordado el foco, la raz\u00f3n de ser por la que estoy ejerciendo esta profesi\u00f3n, mi <em><strong>ikigay<\/strong><\/em> como dicen los japoneses. Seguir\u00e9 diciendo verdades inc\u00f3modas, aunque esto despierte animadversi\u00f3n hacia m\u00ed, seguir\u00e9 luchando por un mundo en el que no importe ser el primero si has luchado por lo que quer\u00edas y has llegado con tu equipo, un mundo en el que valoras que somos lo que somos gracias a todas las personas que nos han impulsado a serlo.<\/p>\n<p style=\"text-align: justify\">Y por ello, quiero agradecerles a todas ellas, a mis padres, a mi familia &nbsp;y amigos, porque gracias a ellas, me siento orgullosa de esa Patry de diecis\u00e9is a\u00f1os que sigue con ese idealismo fuerte y que no deja que acabe varada.<\/p>\n<p style=\"text-align: justify\">&nbsp;<\/p>\n<p style=\"text-align: justify\">&nbsp;<\/p>\n","protected":false},"excerpt":{"rendered":"<p>Me encanta septiembre, si, se que no es pol\u00edticamente correcto y que puede que alguna persona que se dedique a la docencia pudiera pensar \u201cesta chica est\u00e1 loca\u201d. Porque, es verdad, es un mes complejo: organizar los repartos de materias, los espacios, los horarios, llegar a un centro nuevo o reencontrarse, preparar material, propuestas de &hellip; <\/p>\n<p class=\"link-more\"><a href=\"https:\/\/blogsaverroes.juntadeandalucia.es\/proyectomeraky\/2023\/09\/17\/pepito-grillo\/\" class=\"more-link\">Continuar leyendo<span class=\"screen-reader-text\"> \u00abPEPITO GRILLO\u00bb<\/span><\/a><\/p>\n","protected":false},"author":1631,"featured_media":1315,"comment_status":"open","ping_status":"open","sticky":false,"template":"","format":"standard","meta":{"ngg_post_thumbnail":0,"footnotes":""},"categories":[1842537,1842536],"tags":[1842560,1842651,168],"aioseo_notices":[],"_links":{"self":[{"href":"https:\/\/blogsaverroes.juntadeandalucia.es\/proyectomeraky\/wp-json\/wp\/v2\/posts\/1314"}],"collection":[{"href":"https:\/\/blogsaverroes.juntadeandalucia.es\/proyectomeraky\/wp-json\/wp\/v2\/posts"}],"about":[{"href":"https:\/\/blogsaverroes.juntadeandalucia.es\/proyectomeraky\/wp-json\/wp\/v2\/types\/post"}],"author":[{"embeddable":true,"href":"https:\/\/blogsaverroes.juntadeandalucia.es\/proyectomeraky\/wp-json\/wp\/v2\/users\/1631"}],"replies":[{"embeddable":true,"href":"https:\/\/blogsaverroes.juntadeandalucia.es\/proyectomeraky\/wp-json\/wp\/v2\/comments?post=1314"}],"version-history":[{"count":6,"href":"https:\/\/blogsaverroes.juntadeandalucia.es\/proyectomeraky\/wp-json\/wp\/v2\/posts\/1314\/revisions"}],"predecessor-version":[{"id":1321,"href":"https:\/\/blogsaverroes.juntadeandalucia.es\/proyectomeraky\/wp-json\/wp\/v2\/posts\/1314\/revisions\/1321"}],"wp:featuredmedia":[{"embeddable":true,"href":"https:\/\/blogsaverroes.juntadeandalucia.es\/proyectomeraky\/wp-json\/wp\/v2\/media\/1315"}],"wp:attachment":[{"href":"https:\/\/blogsaverroes.juntadeandalucia.es\/proyectomeraky\/wp-json\/wp\/v2\/media?parent=1314"}],"wp:term":[{"taxonomy":"category","embeddable":true,"href":"https:\/\/blogsaverroes.juntadeandalucia.es\/proyectomeraky\/wp-json\/wp\/v2\/categories?post=1314"},{"taxonomy":"post_tag","embeddable":true,"href":"https:\/\/blogsaverroes.juntadeandalucia.es\/proyectomeraky\/wp-json\/wp\/v2\/tags?post=1314"}],"curies":[{"name":"wp","href":"https:\/\/api.w.org\/{rel}","templated":true}]}}