{"id":661,"date":"2020-05-31T23:00:23","date_gmt":"2020-05-31T23:00:23","guid":{"rendered":"https:\/\/blogsaverroes.juntadeandalucia.es\/proyectomeraky\/?p=661"},"modified":"2020-05-31T23:12:50","modified_gmt":"2020-05-31T23:12:50","slug":"globaleducaccion","status":"publish","type":"post","link":"https:\/\/blogsaverroes.juntadeandalucia.es\/proyectomeraky\/2020\/05\/31\/globaleducaccion\/","title":{"rendered":"GLOBALEDUCACCI\u00d3N"},"content":{"rendered":"<p style=\"text-align: center\"><span style=\"color: #339966;font-size: 18pt\"><strong>GlobalEducAcci\u00f3n<\/strong><\/span><\/p>\n<p style=\"text-align: justify\">Es un <em><strong>proyecto educativo interconectado <\/strong><\/em>que tiene como objetivo la educaci\u00f3n intercultural para el desarrollo sostenible y la ciudadan\u00eda mundial siguiendo los Objetivos de Desarrollo sostenible de la Agenda 2030 de la UNESCO.<\/p>\n<p style=\"text-align: justify\">Se trata de un <strong><em>proyecto colaborativo<\/em><\/strong> coordinado por la <strong><a href=\"https:\/\/www.cofc.edu\/\" target=\"_blank\" rel=\"noopener noreferrer\">College of Charleston<\/a><\/strong> de Carolina del Sur (USA) y el <strong><a href=\"http:\/\/www.guadaljaire.com\/html\/\" target=\"_blank\" rel=\"noopener noreferrer\">IES Profesor Isidoro S\u00e1nchez<\/a><\/strong> de M\u00e1laga (Spain) en el que colabora la ONG <a href=\"http:\/\/www.viajestumaini.org\/\" target=\"_blank\" rel=\"noopener noreferrer\">TUMAINI<\/a>&nbsp;que va a facilitar la interconexi\u00f3n con diferentes ONG locales de Per\u00fa, Nepal, Kenia, Bolivia, Tailandia e India.<\/p>\n<p style=\"text-align: justify\">Supone un enfoque global de la educaci\u00f3n para la ciudadan\u00eda que promueve la equidad social, los derechos humanos, la igualdad entre g\u00e9neros, la promoci\u00f3n de la cultura de paz y la prevenci\u00f3n de conflictos, la valoraci\u00f3n de la diversidad cultural, la ciudadan\u00eda mundial y la educaci\u00f3n para el desarrollo sostenible.<\/p>\n<p style=\"text-align: justify\">Se basa en una metodolog\u00eda centrada en el alumnado participativa para fomentar el an\u00e1lisis cr\u00edtico y la ciudadan\u00eda activa.<\/p>\n<p style=\"text-align: justify\">Es un enfoque pedag\u00f3gico que fomenta m\u00faltiples perspectivas y la deconstrucci\u00f3n de los estereotipos.<\/p>\n<p style=\"text-align: justify\">Entre sus objetivos espec\u00edficos se encuentran:<\/p>\n<ul>\n<li style=\"text-align: justify\">Favorecer el <strong>pluralismo cultural<\/strong> desde la igualdad, el respeto y la diversidad.<\/li>\n<li style=\"text-align: justify\">Promover actitudes, conductas y cambios sociales que rechacen la discriminaci\u00f3n cultural y desarrollen <strong>relaciones positivas entre culturas.<\/strong><\/li>\n<li style=\"text-align: justify\">Transmitir mensajes positivos a favor de la <strong>convivencia <\/strong>multicultural y de la diversidad.<\/li>\n<li style=\"text-align: justify\"><strong>Prevenir y resolver<\/strong> conflictos interculturales.<\/li>\n<li style=\"text-align: justify\"><strong>Colaborar<\/strong> en acciones interculturales que se desarrollen por entidades <strong>sin \u00e1nimo de lucro<\/strong>.<\/li>\n<li style=\"text-align: justify\">Desarrollar de habilidades de <strong>pensamiento cr\u00edtico<\/strong> y <strong>comprensi\u00f3n creativa.<\/strong><\/li>\n<li style=\"text-align: justify\">Fortalecer las <strong>\u201csoft skills\u201d,<\/strong> (habilidades sociales, comunicaci\u00f3n, pensamiento creativo, resoluci\u00f3n de problemas, flexibilidad, gesti\u00f3n del tiempo, \u2026)<\/li>\n<li style=\"text-align: justify\">Potenciar <strong>competencias cognitivas conectadas a valores \u00e9ticos y sociales<\/strong> que gu\u00edan la construcci\u00f3n de sociedades m\u00e1s justas.<\/li>\n<li style=\"text-align: justify\">Establecimiento de<strong> redes interculturales.<\/strong><\/li>\n<li style=\"text-align: justify\">Fomentar el <strong>emprendimiento<\/strong> en sus aspectos intrapersonal y social.<\/li>\n<\/ul>\n<figure id=\"attachment_507\" aria-describedby=\"caption-attachment-507\" style=\"width: 300px\" class=\"wp-caption aligncenter\"><img loading=\"lazy\" decoding=\"async\" class=\"wp-image-507 size-medium\" src=\"https:\/\/blogsaverroes.juntadeandalucia.es\/proyectomeraky\/files\/2019\/09\/cofc-300x300.jpg\" alt=\"\" width=\"300\" height=\"300\" srcset=\"https:\/\/blogsaverroes.juntadeandalucia.es\/proyectomeraky\/files\/2019\/09\/cofc-300x300.jpg 300w, https:\/\/blogsaverroes.juntadeandalucia.es\/proyectomeraky\/files\/2019\/09\/cofc-150x150.jpg 150w, https:\/\/blogsaverroes.juntadeandalucia.es\/proyectomeraky\/files\/2019\/09\/cofc-100x100.jpg 100w, https:\/\/blogsaverroes.juntadeandalucia.es\/proyectomeraky\/files\/2019\/09\/cofc-24x24.jpg 24w, https:\/\/blogsaverroes.juntadeandalucia.es\/proyectomeraky\/files\/2019\/09\/cofc-36x36.jpg 36w, https:\/\/blogsaverroes.juntadeandalucia.es\/proyectomeraky\/files\/2019\/09\/cofc-48x48.jpg 48w, https:\/\/blogsaverroes.juntadeandalucia.es\/proyectomeraky\/files\/2019\/09\/cofc.jpg 396w\" sizes=\"(max-width: 300px) 100vw, 300px\" \/><figcaption id=\"caption-attachment-507\" class=\"wp-caption-text\">COLLEGE OF CHARLESTON, CAROLINA DEL SUR, USA<\/figcaption><\/figure>\n<p>&nbsp;<\/p>\n<figure id=\"attachment_508\" aria-describedby=\"caption-attachment-508\" style=\"width: 300px\" class=\"wp-caption alignnone\"><img loading=\"lazy\" decoding=\"async\" class=\"wp-image-508 size-medium\" src=\"https:\/\/blogsaverroes.juntadeandalucia.es\/proyectomeraky\/files\/2019\/09\/ies-profesor-iaidoro-s\u00e1nchez-300x225.jpg\" alt=\"IES PROFESOR ISIDORO S\u00c1NCHEZ, M\u00c1LAGA, SPAIN\" width=\"300\" height=\"225\" srcset=\"https:\/\/blogsaverroes.juntadeandalucia.es\/proyectomeraky\/files\/2019\/09\/ies-profesor-iaidoro-s\u00e1nchez-300x225.jpg 300w, https:\/\/blogsaverroes.juntadeandalucia.es\/proyectomeraky\/files\/2019\/09\/ies-profesor-iaidoro-s\u00e1nchez-768x576.jpg 768w, https:\/\/blogsaverroes.juntadeandalucia.es\/proyectomeraky\/files\/2019\/09\/ies-profesor-iaidoro-s\u00e1nchez-1024x768.jpg 1024w, https:\/\/blogsaverroes.juntadeandalucia.es\/proyectomeraky\/files\/2019\/09\/ies-profesor-iaidoro-s\u00e1nchez-24x18.jpg 24w, https:\/\/blogsaverroes.juntadeandalucia.es\/proyectomeraky\/files\/2019\/09\/ies-profesor-iaidoro-s\u00e1nchez-36x27.jpg 36w, https:\/\/blogsaverroes.juntadeandalucia.es\/proyectomeraky\/files\/2019\/09\/ies-profesor-iaidoro-s\u00e1nchez-48x36.jpg 48w, https:\/\/blogsaverroes.juntadeandalucia.es\/proyectomeraky\/files\/2019\/09\/ies-profesor-iaidoro-s\u00e1nchez.jpg 1600w\" sizes=\"(max-width: 300px) 100vw, 300px\" \/><figcaption id=\"caption-attachment-508\" class=\"wp-caption-text\">IES PROFESOR ISIDORO S\u00c1NCHEZ, M\u00c1LAGA, SPAIN<\/figcaption><\/figure>\n<p>&nbsp;<\/p>\n<figure id=\"attachment_509\" aria-describedby=\"caption-attachment-509\" style=\"width: 300px\" class=\"wp-caption aligncenter\"><img loading=\"lazy\" decoding=\"async\" class=\"wp-image-509 size-medium\" src=\"https:\/\/blogsaverroes.juntadeandalucia.es\/proyectomeraky\/files\/2019\/09\/logo_alta3-300x175.jpg\" alt=\"\" width=\"300\" height=\"175\" srcset=\"https:\/\/blogsaverroes.juntadeandalucia.es\/proyectomeraky\/files\/2019\/09\/logo_alta3-300x175.jpg 300w, https:\/\/blogsaverroes.juntadeandalucia.es\/proyectomeraky\/files\/2019\/09\/logo_alta3-768x448.jpg 768w, https:\/\/blogsaverroes.juntadeandalucia.es\/proyectomeraky\/files\/2019\/09\/logo_alta3-1024x597.jpg 1024w, https:\/\/blogsaverroes.juntadeandalucia.es\/proyectomeraky\/files\/2019\/09\/logo_alta3-24x14.jpg 24w, https:\/\/blogsaverroes.juntadeandalucia.es\/proyectomeraky\/files\/2019\/09\/logo_alta3-36x21.jpg 36w, https:\/\/blogsaverroes.juntadeandalucia.es\/proyectomeraky\/files\/2019\/09\/logo_alta3-48x28.jpg 48w\" sizes=\"(max-width: 300px) 100vw, 300px\" \/><figcaption id=\"caption-attachment-509\" class=\"wp-caption-text\">ONG TUMAINI<\/figcaption><\/figure>\n<p>Para tener m\u00e1s informaci\u00f3n visitar el sitio del proyecto:<\/p>\n<p style=\"text-align: center\"><span style=\"color: #339966\"><a style=\"color: #339966\" href=\"https:\/\/blogsaverroes.juntadeandalucia.es\/globaleducaccion\/\" target=\"_blank\" rel=\"noopener noreferrer\">Portal del proyecto GlobalEducAcci\u00f3n<\/a><\/span><\/p>\n","protected":false},"excerpt":{"rendered":"<p>GlobalEducAcci\u00f3n Es un proyecto educativo interconectado que tiene como objetivo la educaci\u00f3n intercultural para el desarrollo sostenible y la ciudadan\u00eda mundial siguiendo los Objetivos de Desarrollo sostenible de la Agenda 2030 de la UNESCO. Se trata de un proyecto colaborativo coordinado por la College of Charleston de Carolina del Sur (USA) y el IES Profesor &hellip; <\/p>\n<p class=\"link-more\"><a href=\"https:\/\/blogsaverroes.juntadeandalucia.es\/proyectomeraky\/2020\/05\/31\/globaleducaccion\/\" class=\"more-link\">Continuar leyendo<span class=\"screen-reader-text\"> \u00abGLOBALEDUCACCI\u00d3N\u00bb<\/span><\/a><\/p>\n","protected":false},"author":1631,"featured_media":502,"comment_status":"open","ping_status":"open","sticky":false,"template":"","format":"standard","meta":{"ngg_post_thumbnail":0,"footnotes":""},"categories":[5625,1013997,1842487],"tags":[13,1842482,1842483,1842484],"aioseo_notices":[],"_links":{"self":[{"href":"https:\/\/blogsaverroes.juntadeandalucia.es\/proyectomeraky\/wp-json\/wp\/v2\/posts\/661"}],"collection":[{"href":"https:\/\/blogsaverroes.juntadeandalucia.es\/proyectomeraky\/wp-json\/wp\/v2\/posts"}],"about":[{"href":"https:\/\/blogsaverroes.juntadeandalucia.es\/proyectomeraky\/wp-json\/wp\/v2\/types\/post"}],"author":[{"embeddable":true,"href":"https:\/\/blogsaverroes.juntadeandalucia.es\/proyectomeraky\/wp-json\/wp\/v2\/users\/1631"}],"replies":[{"embeddable":true,"href":"https:\/\/blogsaverroes.juntadeandalucia.es\/proyectomeraky\/wp-json\/wp\/v2\/comments?post=661"}],"version-history":[{"count":3,"href":"https:\/\/blogsaverroes.juntadeandalucia.es\/proyectomeraky\/wp-json\/wp\/v2\/posts\/661\/revisions"}],"predecessor-version":[{"id":666,"href":"https:\/\/blogsaverroes.juntadeandalucia.es\/proyectomeraky\/wp-json\/wp\/v2\/posts\/661\/revisions\/666"}],"wp:featuredmedia":[{"embeddable":true,"href":"https:\/\/blogsaverroes.juntadeandalucia.es\/proyectomeraky\/wp-json\/wp\/v2\/media\/502"}],"wp:attachment":[{"href":"https:\/\/blogsaverroes.juntadeandalucia.es\/proyectomeraky\/wp-json\/wp\/v2\/media?parent=661"}],"wp:term":[{"taxonomy":"category","embeddable":true,"href":"https:\/\/blogsaverroes.juntadeandalucia.es\/proyectomeraky\/wp-json\/wp\/v2\/categories?post=661"},{"taxonomy":"post_tag","embeddable":true,"href":"https:\/\/blogsaverroes.juntadeandalucia.es\/proyectomeraky\/wp-json\/wp\/v2\/tags?post=661"}],"curies":[{"name":"wp","href":"https:\/\/api.w.org\/{rel}","templated":true}]}}