{"id":943,"date":"2021-06-03T21:00:44","date_gmt":"2021-06-03T21:00:44","guid":{"rendered":"https:\/\/blogsaverroes.juntadeandalucia.es\/proyectomeraky\/?p=943"},"modified":"2021-09-04T09:46:23","modified_gmt":"2021-09-04T09:46:23","slug":"mi-marca-personal-me-condiciona","status":"publish","type":"post","link":"https:\/\/blogsaverroes.juntadeandalucia.es\/proyectomeraky\/2021\/06\/03\/mi-marca-personal-me-condiciona\/","title":{"rendered":"MI MARCA PERSONAL ME CONDICIONA"},"content":{"rendered":"<p>&nbsp;<\/p>\n<p style=\"text-align: center\"><span style=\"font-size: 18pt\"><strong>\u00bfHab\u00e9is escuchado hablar de la <span style=\"color: #99cc00\">\u201cmarca personal\u201d<\/span>? \u00bfSab\u00e9is de qu\u00e9 se trata? <\/strong><\/span><\/p>\n<p style=\"text-align: justify\">Seg\u00fan Jeff Bezos, director ejecutivo de Amazon, <strong><em>\u201cLa marca personal es lo que dicen de ti cuando no est\u00e1s en la sala\u201d. <\/em><\/strong><strong>La marca personal o <\/strong><strong><em>personal<\/em><\/strong><em>&nbsp;branding<\/em> supone considerarse a uno mismo como una&nbsp;<strong>marca<\/strong>&nbsp;comercial con el objetivo de diferenciarse y conseguir un mayor \u00e9xito profesional, es la huella que dejamos en los dem\u00e1s con cada acci\u00f3n o comunicaci\u00f3n que llevamos a cabo y el recuerdo que tienen de nosotr@s. Se trata de la manera en la que otras personas te perciben gracias a lo que haces, transmites y expresas, tanto en el mundo offline como en el online.<\/p>\n<p style=\"text-align: justify\">Es importante ser consciente de que tu marca personal existir\u00e1 independientemente de que trabajemos en ella o no, lo que la gente encuentra cuando busca nuestro nombre en Google y la idea con la que nos asocian cuando alguien pronuncia nuestro nombre es parte de esa <strong>marca personal<\/strong>.<\/p>\n<p style=\"text-align: center\"><span style=\"font-size: 18pt\"><strong>\u00bfPor qu\u00e9 es tan <span style=\"color: #800000\">importante<\/span>? &nbsp;<\/strong><\/span><\/p>\n<p style=\"text-align: justify\">La sociedad 2.0 nos ha tra\u00eddo una nueva forma de buscar empleo, el antiguo curriculum ha quedad desfasado. Ya en el a\u00f1o 2016 el IV Informe de Infoempleo y Adecco sobre redes sociales y mercado de trabajo se\u00f1alaba que el <strong>87% <\/strong>de&nbsp;<strong>las empresas<\/strong>&nbsp;en&nbsp;<strong>Espa\u00f1a<\/strong>&nbsp;reconoc\u00eda utilizar las redes sociales para reclutar talento y consultar la actividad de sus candidatos&nbsp;<strong>antes<\/strong>&nbsp;de contratarlos. Seg\u00fan los datos recogidos por <strong>Forbes<\/strong> en <strong>2021,<\/strong> el <strong>75%<\/strong> de los departamentos de recursos humanos buscan en Google a los aspirantes a un puesto de trabajo y el <strong>70%<\/strong> reconocen haber descartado a candidatos bas\u00e1ndose en informaci\u00f3n publicada en sus redes sociales. El <strong>85%<\/strong> de las empresas aseguran que la reputaci\u00f3n online, la marca personal de una persona aspirante, influye de alg\u00fan modo en la toma de decisiones.<\/p>\n<p style=\"text-align: center\"><span style=\"font-size: 18pt\"><strong>\u00bfCu\u00e1l es tu <span style=\"color: #99cc00\">marca personal<\/span>? <\/strong><\/span><\/p>\n<p style=\"text-align: justify\">Como ya hemos comentado todas las personas tienen marca personal, aunque no hayan trabajado en ella. \u00bfSabes qu\u00e9 huella dejas? Vamos hacer dos ejercicios para analizarla:<\/p>\n<ol>\n<li style=\"list-style-type: none\">\n<ol>\n<li style=\"list-style-type: none\">\n<ol>\n<li style=\"text-align: justify\"><strong>Egosurfing<\/strong>: En primer lugar, vamos a poner nuestro nombre en los buscadores como Google y recopilar todo lo que encontramos.<\/li>\n<li style=\"text-align: justify\"><strong>Din\u00e1mica en clase.<\/strong> Por parejas, vamos a buscar a la otra persona y vamos a intentar definirla en un par de frases. Posteriormente vamos a presentarla al gran grupo. Una vez termine la presentaci\u00f3n, la persona de la que hablamos confirmar\u00e1 o negar\u00e1 los aspectos que no hayan sido acertados. Hablaremos de la zona ciega y la zona de control.<\/li>\n<\/ol>\n<\/li>\n<\/ol>\n<\/li>\n<\/ol>\n<p><img loading=\"lazy\" decoding=\"async\" class=\"size-medium wp-image-934 aligncenter\" src=\"https:\/\/blogsaverroes.juntadeandalucia.es\/proyectomeraky\/files\/2021\/05\/phone-292994_1920-300x200.jpg\" alt=\"\" width=\"300\" height=\"200\" srcset=\"https:\/\/blogsaverroes.juntadeandalucia.es\/proyectomeraky\/files\/2021\/05\/phone-292994_1920-300x200.jpg 300w, https:\/\/blogsaverroes.juntadeandalucia.es\/proyectomeraky\/files\/2021\/05\/phone-292994_1920-1024x683.jpg 1024w, https:\/\/blogsaverroes.juntadeandalucia.es\/proyectomeraky\/files\/2021\/05\/phone-292994_1920-768x512.jpg 768w, https:\/\/blogsaverroes.juntadeandalucia.es\/proyectomeraky\/files\/2021\/05\/phone-292994_1920-1536x1024.jpg 1536w, https:\/\/blogsaverroes.juntadeandalucia.es\/proyectomeraky\/files\/2021\/05\/phone-292994_1920.jpg 1920w\" sizes=\"(max-width: 300px) 100vw, 300px\" \/><\/p>\n<p style=\"text-align: center\"><span style=\"font-size: 18pt\"><strong>\u00bfC\u00f3mo trabajamos nuestra <span style=\"color: #99cc00\">marca personal<\/span>?<\/strong><\/span><\/p>\n<p style=\"text-align: justify\">Como hemos se\u00f1alado la marca personal puede ser utilizada para diferenciarse y conseguir un mayor \u00e9xito en las relaciones profesionales. &nbsp;Para ello, deberemos destacar y potenciar <strong>aquellos talentos que nos hacen \u00fanic@s<\/strong>&nbsp;y trabajar las cualidades por las que podemos o queremos destacar en nuestro entorno profesional en determinado momento.<\/p>\n<p style=\"text-align: justify\">Como hacen las empresas con sus productos para captar clientela y fidelizarla, deberemos analizar el mercado laboral en el que queremos insertarnos y descubrir qu\u00e9 se est\u00e1 demandando. Ante esa demanda planificaremos nuestra \u201c<strong>propuesta de valor<\/strong>\u201d: actitudes, aptitudes, habilidades, conocimientos con los que podemos contribuir a la sociedad y al mercado y dise\u00f1aremos nuestra la huella digital. Para ello vamos a seguir los siguientes pasos:<\/p>\n<ol>\n<li style=\"list-style-type: none\">\n<ol>\n<li style=\"list-style-type: none\">\n<ol>\n<li style=\"text-align: justify\"><span style=\"color: #993366\"><strong>EJERCICIO DE AUTOCONOCIMIENTO.<\/strong><\/span> \u00bfCu\u00e1l es nuestro valor diferencial? \u00bfQu\u00e9 nos hace diferentes, \u00fanic@s, relevantes como profesionales? Para ello vamos a desarrollar una actividad de autoconocimiento y analizar cu\u00e1les son esas actitudes, aptitudes, conocimientos y habilidades. Una vez tengamos el resultado de esta actividad de introspecci\u00f3n y los datos obtenidos de nuestra investigaci\u00f3n del mercado construiremos nuestro D.A.F.O. y el C.A.M.E. gracias a este \u00faltimo podremos dise\u00f1ar nuestro proyecto profesional, fijarnos objetivos laborales, de formaci\u00f3n o relacionados con experiencias.<\/li>\n<li style=\"text-align: justify\"><span style=\"color: #993366\"><strong>DEFINIMOS LOS OBJETIVOS<\/strong><\/span>. \u00bfCu\u00e1l es nuestro objetivo? Seguiremos el m\u00e9todo Kaizen para definir nuestros objetivos a medio y largo plazo.<\/li>\n<li style=\"text-align: justify\"><span style=\"color: #993366\"><strong>PLAN DE DESARROLLO PERSONAL: DISE\u00d1O DE NUESTRA MARCA.<\/strong> <\/span>Tenemos que dar respuesta a las siguientes preguntas: \u00bfCu\u00e1l va a ser nuestro nombre de mercado? \u00bfqu\u00e9 t\u00e9rminos que nos definen (tres o cuatro palabras)?. \u00bfQu\u00e9 tipos de mensajes que queremos transmitir? \u00bfQu\u00e9 tono (cercano, desenfadado, etc) vamos a utilizar? (Valoraremos el tono seg\u00fan el p\u00fablico y los objetivos). \u00bfCu\u00e1l va ser nuestra identidad gr\u00e1fica (NAMING)?. \u00bfEn qu\u00e9 canales vas a trabajar?<\/li>\n<li style=\"text-align: justify\"><span style=\"color: #993366\"><strong>CREAR UN CALENDARIO EDITORIAL.<\/strong><\/span> Se trata de crear un compromiso con nosotr@s mismos. Planificarnos la asiduidad de nuestras publicaciones y el contenido de calidad de las mismas va a mejorar el control de nuestra huella digital, as\u00ed como fidelizar a nuestros seguidor@s.<\/li>\n<li style=\"text-align: justify\"><span style=\"color: #993366\"><strong>DIFUNDE EL CONTENIDO EN INTERNET<\/strong>.<\/span> Elegiremos los espacios m\u00e1s adecuados a nuestros objetivos, se trata de establecer una estrategia de marketing y alcanzar un posicionamiento en redes sociales.<\/li>\n<li style=\"text-align: justify\"><span style=\"color: #993366\"><strong>ANALIZA Y MIDE EL IMPACTO.<\/strong><\/span> Es muy importante evaluar nuestra estrategia, analizar si estamos obteniendo los resultados esperados y ajustar el plan si es necesario.<\/li>\n<\/ol>\n<\/li>\n<\/ol>\n<\/li>\n<\/ol>\n<p><img loading=\"lazy\" decoding=\"async\" class=\" wp-image-959 aligncenter\" src=\"https:\/\/blogsaverroes.juntadeandalucia.es\/proyectomeraky\/files\/2021\/06\/marca-personal-120x300.png\" alt=\"\" width=\"388\" height=\"969\" srcset=\"https:\/\/blogsaverroes.juntadeandalucia.es\/proyectomeraky\/files\/2021\/06\/marca-personal-120x300.png 120w, https:\/\/blogsaverroes.juntadeandalucia.es\/proyectomeraky\/files\/2021\/06\/marca-personal-410x1024.png 410w, https:\/\/blogsaverroes.juntadeandalucia.es\/proyectomeraky\/files\/2021\/06\/marca-personal-768x1920.png 768w, https:\/\/blogsaverroes.juntadeandalucia.es\/proyectomeraky\/files\/2021\/06\/marca-personal.png 800w\" sizes=\"(max-width: 388px) 100vw, 388px\" \/><\/p>\n<p>Y llegado a este punto \u00bfA qu\u00e9 esperas para empezar?<\/p>\n<p><img loading=\"lazy\" decoding=\"async\" class=\"size-medium wp-image-941 aligncenter\" src=\"https:\/\/blogsaverroes.juntadeandalucia.es\/proyectomeraky\/files\/2021\/08\/filmmaker-2838932_1280-300x229.jpg\" alt=\"\" width=\"300\" height=\"229\" srcset=\"https:\/\/blogsaverroes.juntadeandalucia.es\/proyectomeraky\/files\/2021\/08\/filmmaker-2838932_1280-300x229.jpg 300w, https:\/\/blogsaverroes.juntadeandalucia.es\/proyectomeraky\/files\/2021\/08\/filmmaker-2838932_1280-1024x782.jpg 1024w, https:\/\/blogsaverroes.juntadeandalucia.es\/proyectomeraky\/files\/2021\/08\/filmmaker-2838932_1280-768x587.jpg 768w, https:\/\/blogsaverroes.juntadeandalucia.es\/proyectomeraky\/files\/2021\/08\/filmmaker-2838932_1280.jpg 1280w\" sizes=\"(max-width: 300px) 100vw, 300px\" \/><\/p>\n<p>&nbsp;<\/p>\n","protected":false},"excerpt":{"rendered":"<p>&nbsp; \u00bfHab\u00e9is escuchado hablar de la \u201cmarca personal\u201d? \u00bfSab\u00e9is de qu\u00e9 se trata? Seg\u00fan Jeff Bezos, director ejecutivo de Amazon, \u201cLa marca personal es lo que dicen de ti cuando no est\u00e1s en la sala\u201d. La marca personal o personal&nbsp;branding supone considerarse a uno mismo como una&nbsp;marca&nbsp;comercial con el objetivo de diferenciarse y conseguir un &hellip; <\/p>\n<p class=\"link-more\"><a href=\"https:\/\/blogsaverroes.juntadeandalucia.es\/proyectomeraky\/2021\/06\/03\/mi-marca-personal-me-condiciona\/\" class=\"more-link\">Continuar leyendo<span class=\"screen-reader-text\"> \u00abMI MARCA PERSONAL ME CONDICIONA\u00bb<\/span><\/a><\/p>\n","protected":false},"author":1631,"featured_media":945,"comment_status":"open","ping_status":"open","sticky":false,"template":"","format":"standard","meta":{"ngg_post_thumbnail":0,"footnotes":""},"categories":[1842512,289,1842541],"tags":[1842556,1842555,1842554,1842542,1842557],"aioseo_notices":[],"_links":{"self":[{"href":"https:\/\/blogsaverroes.juntadeandalucia.es\/proyectomeraky\/wp-json\/wp\/v2\/posts\/943"}],"collection":[{"href":"https:\/\/blogsaverroes.juntadeandalucia.es\/proyectomeraky\/wp-json\/wp\/v2\/posts"}],"about":[{"href":"https:\/\/blogsaverroes.juntadeandalucia.es\/proyectomeraky\/wp-json\/wp\/v2\/types\/post"}],"author":[{"embeddable":true,"href":"https:\/\/blogsaverroes.juntadeandalucia.es\/proyectomeraky\/wp-json\/wp\/v2\/users\/1631"}],"replies":[{"embeddable":true,"href":"https:\/\/blogsaverroes.juntadeandalucia.es\/proyectomeraky\/wp-json\/wp\/v2\/comments?post=943"}],"version-history":[{"count":4,"href":"https:\/\/blogsaverroes.juntadeandalucia.es\/proyectomeraky\/wp-json\/wp\/v2\/posts\/943\/revisions"}],"predecessor-version":[{"id":947,"href":"https:\/\/blogsaverroes.juntadeandalucia.es\/proyectomeraky\/wp-json\/wp\/v2\/posts\/943\/revisions\/947"}],"wp:featuredmedia":[{"embeddable":true,"href":"https:\/\/blogsaverroes.juntadeandalucia.es\/proyectomeraky\/wp-json\/wp\/v2\/media\/945"}],"wp:attachment":[{"href":"https:\/\/blogsaverroes.juntadeandalucia.es\/proyectomeraky\/wp-json\/wp\/v2\/media?parent=943"}],"wp:term":[{"taxonomy":"category","embeddable":true,"href":"https:\/\/blogsaverroes.juntadeandalucia.es\/proyectomeraky\/wp-json\/wp\/v2\/categories?post=943"},{"taxonomy":"post_tag","embeddable":true,"href":"https:\/\/blogsaverroes.juntadeandalucia.es\/proyectomeraky\/wp-json\/wp\/v2\/tags?post=943"}],"curies":[{"name":"wp","href":"https:\/\/api.w.org\/{rel}","templated":true}]}}