{"id":989,"date":"2021-09-16T17:07:09","date_gmt":"2021-09-16T17:07:09","guid":{"rendered":"https:\/\/blogsaverroes.juntadeandalucia.es\/proyectomeraky\/?p=989"},"modified":"2021-09-16T17:10:07","modified_gmt":"2021-09-16T17:10:07","slug":"derechos-de-la-autodeterminacion-informativa","status":"publish","type":"post","link":"https:\/\/blogsaverroes.juntadeandalucia.es\/proyectomeraky\/2021\/09\/16\/derechos-de-la-autodeterminacion-informativa\/","title":{"rendered":"DERECHOS DE LA AUTODETERMINACI\u00d3N INFORMATIVA."},"content":{"rendered":"<p style=\"text-align: justify\">No se si hab\u00e9is escuchado hablar de los derechos de autodeterminaci\u00f3n informativa o los derechos ARCO. La actual normativa sobre protecci\u00f3n de datos supuso un avance para los derechos de las personas interesadas, surgiendo as\u00ed el denominado&nbsp;&nbsp;derecho a la autodeterminaci\u00f3n informativa.&nbsp;<\/p>\n<p style=\"text-align: justify\">El <strong>derecho a la autodetermin<\/strong><strong>aci\u00f3n informativa <\/strong>surge como respuesta a la posibilidad de un tratamiento masivo de datos. Fue construido y elaborado a partir de la sentencia del Tribunal Constitucional Federal alem\u00e1n de 15 de diciembre de 1983.11. En dicha sentencia, el Tribunal configura, a partir del derecho general de la personalidad recogido en el art\u00edculo 2.1 de la Ley Fundamental de Bonn, la facultad del individuo, derivada de&nbsp;&nbsp;la autodeterminaci\u00f3n, de decidir b\u00e1sicamente por s\u00ed mismo, cu\u00e1ndo y dentro de qu\u00e9 l\u00edmites, procede revelar situaciones referentes a la vida propia. Surge la necesidad de establecer jur\u00eddicamente <strong>mecanismos de protecci\u00f3n de los datos personales frente a su uso informatizado<\/strong>, no tanto por el car\u00e1cter estrictamente privado de \u00e9stos, sino por el peligro que supone la utilizaci\u00f3n que se haga de los mismos.<\/p>\n<p style=\"text-align: justify\">En todo caso, el derecho no comporta una patrimonializaci\u00f3n de los datos personales, sino que es la <strong>garant\u00eda de una serie de facultades individuales<\/strong> que permitir\u00e1n al titular llevar a cabo el control y seguimiento de la informaci\u00f3n personal registrada en soportes inform\u00e1ticos.<\/p>\n<p style=\"text-align: justify\">En palabras del Tribunal Constitucional espa\u00f1ol, \u00ab<em>el contenido del derecho fundamental a la protecci\u00f3n de datos consiste en un poder de disposici\u00f3n y de control sobre los datos personales que&nbsp;<\/em><em>faculta a la persona para decidir cu\u00e1les de estos datos proporcionar\u00e1 a un tercero, sea el Estado o un particular, o cu\u00e1les puede este tercero recabar, y que tambi\u00e9n permite al individuo saber qui\u00e9n posee esos datos personales y para qu\u00e9, pudiendo oponerse a esa posesi\u00f3n o no<\/em>\u00bb<\/p>\n<p style=\"text-align: justify\">Podemos definir la <strong>autodetermina<\/strong><strong>ci\u00f3n informativa<\/strong> como la&nbsp;<strong>capacidad del individuo para determinar la divulgaci\u00f3n y el uso de sus datos personales<\/strong>, controlar y determinar lo que los dem\u00e1s pueden, en cada momento, saber sobre su vida personal. Este derecho ayuda a las y los ciudadanos a proteger sus datos personales y, en ejercicio de este derecho, a autodefinirse y modular su imagen p\u00fablica y reputaci\u00f3n.<\/p>\n<p style=\"text-align: justify\">El RGPD reconoce el \u201cderecho&nbsp;a la autodeterminaci\u00f3n informativo\u201d y lo concreta en la posibilidad de ejercer ante el responsable del tratamiento los<strong> derechos de acceso, rectificaci\u00f3n, oposici\u00f3n, supresi\u00f3n (\u201cderecho al olvido\u201d), limitaci\u00f3n del tratamiento, portabilidad y de no ser objeto de&nbsp;<\/strong><strong>decisiones individualizadas.<\/strong><\/p>\n<p><img loading=\"lazy\" decoding=\"async\" class=\"size-medium wp-image-991 aligncenter\" src=\"https:\/\/blogsaverroes.juntadeandalucia.es\/proyectomeraky\/files\/2021\/09\/europe-3256079_1920-1-300x160.jpg\" alt=\"\" width=\"300\" height=\"160\" srcset=\"https:\/\/blogsaverroes.juntadeandalucia.es\/proyectomeraky\/files\/2021\/09\/europe-3256079_1920-1-300x160.jpg 300w, https:\/\/blogsaverroes.juntadeandalucia.es\/proyectomeraky\/files\/2021\/09\/europe-3256079_1920-1-1024x545.jpg 1024w, https:\/\/blogsaverroes.juntadeandalucia.es\/proyectomeraky\/files\/2021\/09\/europe-3256079_1920-1-768x408.jpg 768w, https:\/\/blogsaverroes.juntadeandalucia.es\/proyectomeraky\/files\/2021\/09\/europe-3256079_1920-1-1536x817.jpg 1536w, https:\/\/blogsaverroes.juntadeandalucia.es\/proyectomeraky\/files\/2021\/09\/europe-3256079_1920-1.jpg 1920w\" sizes=\"(max-width: 300px) 100vw, 300px\" \/><\/p>\n<p style=\"text-align: justify\">Vamos a ver <span style=\"font-size: 18pt\"><strong>en qu\u00e9 consiste cada derecho:<\/strong><\/span><\/p>\n<ul>\n<li style=\"list-style-type: none\">\n<ul style=\"text-align: justify\">\n<li><strong>Derecho a la rectificaci\u00f3n<\/strong>: supone el derecho a obtener, sin dilaci\u00f3n indebida del responsable del tratamiento, la rectificaci\u00f3n de los datos personales inexactos que le conciernan o que se completen, seg\u00fan los fines, mediante una declaraci\u00f3n adicional. Se deber\u00e1 indicar en su solicitud a qu\u00e9 datos se refiere y la correcci\u00f3n que haya de realizarse. Adem\u00e1s, deber\u00e1n acompa\u00f1ar, cuando sea preciso, la documentaci\u00f3n justificativa de la inexactitud o car\u00e1cter incompleto de los datos objeto de tratamiento.<\/li>\n<li><strong>Derecho de supresi\u00f3n<\/strong>: derecho a obtener, sin dilaci\u00f3n indebida del responsable del tratamiento, la supresi\u00f3n de los datos personales que le conciernan, cuando concurra alguna de las circunstancias siguientes:\n<ol style=\"text-align: justify;list-style-type: lower-alpha\">\n<li>los datos personales ya no sean necesarios en relaci\u00f3n con los fines para los que fueron recogidos o tratados de otro modo;<\/li>\n<li>el interesado retire el consentimiento y este no se base en otro fundamento jur\u00eddico;<\/li>\n<li>el interesado se oponga al tratamiento;<\/li>\n<li>los datos personales hayan sido tratados il\u00edcitamente;&nbsp;<\/li>\n<li>los datos personales deban suprimirse para el cumplimiento de una obligaci\u00f3n legal establecida en el derecho de la uni\u00f3n o de los estados miembros que se aplique al responsable del tratamiento;<\/li>\n<li>los datos personales se hayan obtenido en relaci\u00f3n con la oferta de servicios de la sociedad de la informaci\u00f3n<\/li>\n<\/ol>\n<\/li>\n<\/ul>\n<\/li>\n<\/ul>\n<ul>\n<li style=\"list-style-type: none\">\n<ul style=\"text-align: justify\">\n<li><strong>Derecho a la limitaci\u00f3n del tratamiento:<\/strong> derecho a obtener del responsable del tratamiento la limitaci\u00f3n del tratamiento de los datos cuando se cumpla alguna de las condiciones siguientes:<\/li>\n<\/ul>\n<\/li>\n<\/ul>\n<ol>\n<li style=\"list-style-type: none\">\n<ol>\n<li style=\"list-style-type: none\">\n<ol style=\"text-align: justify;list-style-type: lower-alpha\">\n<li>se impugne la exactitud de los datos personales, durante un plazo que permita al responsable verificar la exactitud de los mismos;<\/li>\n<li>el tratamiento sea il\u00edcito y las\/los interesados se opongan a la supresi\u00f3n de los datos personales y soliciten en su lugar la limitaci\u00f3n de su uso;<\/li>\n<li>el responsable ya no necesite los datos personales para los fines del tratamiento, pero el interesado los necesite para la formulaci\u00f3n, el ejercicio o la defensa de reclamaciones;<\/li>\n<li>se haya ejercido el derecho de oposici\u00f3n al tratamiento, mientras se verifica si los motivos leg\u00edtimos del responsable prevalecen sobre los del interesado.<\/li>\n<\/ol>\n<\/li>\n<\/ol>\n<\/li>\n<\/ol>\n<ul style=\"text-align: justify\">\n<li><strong>Derecho a la portabilidad<\/strong>: derecho a recibir los datos personales que le incumban, que haya facilitado a un responsable del tratamiento, en un formato estructurado, de uso com\u00fan y lectura mec\u00e1nica, y a transmitirlos a otro responsable del tratamiento sin que lo impida el responsable al que se los hubiera facilitado, cuando:<\/li>\n<\/ul>\n<ol>\n<li style=\"list-style-type: none\">\n<ol>\n<li style=\"list-style-type: none\">\n<ol style=\"text-align: justify;list-style-type: lower-alpha\">\n<li>el tratamiento est\u00e9 basado en el consentimiento y<\/li>\n<li>el tratamiento se efect\u00fae por medios automatizados.<\/li>\n<\/ol>\n<\/li>\n<\/ol>\n<\/li>\n<\/ol>\n<ul style=\"text-align: justify\">\n<li><strong>Derecho de oposici\u00f3n<\/strong>: derecho a oponerse en cualquier momento, por motivos relacionados con su situaci\u00f3n particular, a que datos personales que le conciernan sean objeto de un tratamiento. El responsable del tratamiento dejar\u00e1 de tratar los datos personales, salvo que acredite motivos leg\u00edtimos imperiosos para el tratamiento que prevalezcan sobre los intereses, los derechos y las libertades del interesado, o para la formulaci\u00f3n, el ejercicio o la defensa de reclamaciones.<\/li>\n<\/ul>\n<p style=\"text-align: center\"><span style=\"font-size: 14pt;color: #808000\"><strong><u>EJERCICIO DE LOS DERECHOS.<\/u><\/strong><\/span><\/p>\n<p style=\"text-align: justify\">Es importante se\u00f1alar que el ejercicio es gratuito, s\u00f3lo si las solicitudes son manifiestamente infundadas o excesivas (p. ej., car\u00e1cter repetitivo) el responsable podr\u00e1:<\/p>\n<ul style=\"text-align: justify\">\n<li style=\"list-style-type: none\">\n<ul>\n<li>Cobrar un canon proporcional a los costes administrativos soportados<\/li>\n<li>Negarse a actuar&nbsp;<\/li>\n<\/ul>\n<\/li>\n<\/ul>\n<p style=\"text-align: justify\">Las solicitudes deben <strong>responderse en el plazo de un mes<\/strong>, aunque, si se tiene en cuenta la complejidad y n\u00famero de solicitudes, se puede prorrogar el plazo otros dos meses m\u00e1s. El responsable est\u00e1 obligado a informar sobre los medios para ejercitar estos derechos y estos medios deben ser accesibles y no se puede denegar este derecho por el solo motivo de que se opte por otro medio.<\/p>\n<p style=\"text-align: justify\">Si la solicitud se presenta por medios electr\u00f3nicos, la informaci\u00f3n se facilitar\u00e1 por estos medios cuando sea posible, salvo que el interesado solicite que sea de otro modo.<\/p>\n<p style=\"text-align: justify\">Si el responsable no da curso a la solicitud, informar\u00e1 y a m\u00e1s tardar en un mes, de las razones de su no actuaci\u00f3n y la posibilidad de reclamar ante una Autoridad de Control. Cabe la posibilidad de que el encargado sea quien atienda tu solicitud por cuenta del responsable si ambos lo han establecido en el contrato o acto jur\u00eddico que les vincule<\/p>\n<p style=\"text-align: justify\">Se pueden ejercer los derechos directamente o por medio de tu representante legal o voluntario. Si el responsable tiene dudas sobre tu identidad, podr\u00e1 solicitar informaci\u00f3n adicional para confirmar la misma como la fotocopia del DNI o pasaporte u otro documento v\u00e1lido que identifique a persona solicitante. Se puede utilizar la firma electr\u00f3nica y si se ejercitan a trav\u00e9s de un representante se deber\u00e1 aportar el documento o instrumento electr\u00f3nico que acredite la representaci\u00f3n.<\/p>\n<p style=\"text-align: justify\">En la solicitud debe incluirse la petici\u00f3n, la direcci\u00f3n a efectos de notificaciones, fecha y firma, as\u00ed como los documentos acreditativos de la petici\u00f3n si fuesen necesarios.<\/p>\n<p><img loading=\"lazy\" decoding=\"async\" class=\" wp-image-990 aligncenter\" src=\"https:\/\/blogsaverroes.juntadeandalucia.es\/proyectomeraky\/files\/2021\/09\/derechos-ARCO-300x181.png\" alt=\"\" width=\"598\" height=\"361\" srcset=\"https:\/\/blogsaverroes.juntadeandalucia.es\/proyectomeraky\/files\/2021\/09\/derechos-ARCO-300x181.png 300w, https:\/\/blogsaverroes.juntadeandalucia.es\/proyectomeraky\/files\/2021\/09\/derechos-ARCO-1024x618.png 1024w, https:\/\/blogsaverroes.juntadeandalucia.es\/proyectomeraky\/files\/2021\/09\/derechos-ARCO-768x464.png 768w, https:\/\/blogsaverroes.juntadeandalucia.es\/proyectomeraky\/files\/2021\/09\/derechos-ARCO.png 1414w\" sizes=\"(max-width: 598px) 100vw, 598px\" \/><\/p>\n","protected":false},"excerpt":{"rendered":"<p>No se si hab\u00e9is escuchado hablar de los derechos de autodeterminaci\u00f3n informativa o los derechos ARCO. La actual normativa sobre protecci\u00f3n de datos supuso un avance para los derechos de las personas interesadas, surgiendo as\u00ed el denominado&nbsp;&nbsp;derecho a la autodeterminaci\u00f3n informativa.&nbsp; El derecho a la autodeterminaci\u00f3n informativa surge como respuesta a la posibilidad de un &hellip; <\/p>\n<p class=\"link-more\"><a href=\"https:\/\/blogsaverroes.juntadeandalucia.es\/proyectomeraky\/2021\/09\/16\/derechos-de-la-autodeterminacion-informativa\/\" class=\"more-link\">Continuar leyendo<span class=\"screen-reader-text\"> \u00abDERECHOS DE LA AUTODETERMINACI\u00d3N INFORMATIVA.\u00bb<\/span><\/a><\/p>\n","protected":false},"author":1631,"featured_media":944,"comment_status":"open","ping_status":"open","sticky":false,"template":"","format":"standard","meta":{"ngg_post_thumbnail":0,"footnotes":""},"categories":[1842499,289],"tags":[1842571,1842570,1842569,1842572,1842504],"aioseo_notices":[],"_links":{"self":[{"href":"https:\/\/blogsaverroes.juntadeandalucia.es\/proyectomeraky\/wp-json\/wp\/v2\/posts\/989"}],"collection":[{"href":"https:\/\/blogsaverroes.juntadeandalucia.es\/proyectomeraky\/wp-json\/wp\/v2\/posts"}],"about":[{"href":"https:\/\/blogsaverroes.juntadeandalucia.es\/proyectomeraky\/wp-json\/wp\/v2\/types\/post"}],"author":[{"embeddable":true,"href":"https:\/\/blogsaverroes.juntadeandalucia.es\/proyectomeraky\/wp-json\/wp\/v2\/users\/1631"}],"replies":[{"embeddable":true,"href":"https:\/\/blogsaverroes.juntadeandalucia.es\/proyectomeraky\/wp-json\/wp\/v2\/comments?post=989"}],"version-history":[{"count":4,"href":"https:\/\/blogsaverroes.juntadeandalucia.es\/proyectomeraky\/wp-json\/wp\/v2\/posts\/989\/revisions"}],"predecessor-version":[{"id":995,"href":"https:\/\/blogsaverroes.juntadeandalucia.es\/proyectomeraky\/wp-json\/wp\/v2\/posts\/989\/revisions\/995"}],"wp:featuredmedia":[{"embeddable":true,"href":"https:\/\/blogsaverroes.juntadeandalucia.es\/proyectomeraky\/wp-json\/wp\/v2\/media\/944"}],"wp:attachment":[{"href":"https:\/\/blogsaverroes.juntadeandalucia.es\/proyectomeraky\/wp-json\/wp\/v2\/media?parent=989"}],"wp:term":[{"taxonomy":"category","embeddable":true,"href":"https:\/\/blogsaverroes.juntadeandalucia.es\/proyectomeraky\/wp-json\/wp\/v2\/categories?post=989"},{"taxonomy":"post_tag","embeddable":true,"href":"https:\/\/blogsaverroes.juntadeandalucia.es\/proyectomeraky\/wp-json\/wp\/v2\/tags?post=989"}],"curies":[{"name":"wp","href":"https:\/\/api.w.org\/{rel}","templated":true}]}}