{"id":688,"date":"2020-04-24T19:06:46","date_gmt":"2020-04-24T17:06:46","guid":{"rendered":"https:\/\/blogsaverroes.juntadeandalucia.es\/proyectos\/?p=688"},"modified":"2020-04-27T08:31:50","modified_gmt":"2020-04-27T06:31:50","slug":"premios-nacionales","status":"publish","type":"post","link":"https:\/\/blogsaverroes.juntadeandalucia.es\/proyectos\/2020\/04\/24\/premios-nacionales\/","title":{"rendered":"Premios Nacionales Ense\u00f1anzas Art\u00edsticas Profesionales"},"content":{"rendered":"<p><strong>Los Premios Nacionales se regulan<\/strong> por la Orden ECD\/1611\/2015, de 29 de julio, por la que se crean y regulan los Premios Nacionales al rendimiento acad\u00e9mico del alumnado de Educaci\u00f3n Secundaria Obligatoria y de <strong>Ense\u00f1anzas Art\u00edsticas Profesionales en los \u00e1mbitos de<\/strong> M\u00fasica, Danza y<strong> Artes Pl\u00e1sticas y Dise\u00f1o<\/strong>. B.O.E. de 1 de agosto de 2015.<\/p>\n<p>Puedes acceder a la misma en el siguiente enlace:<\/p>\n<p>&nbsp;<\/p>\n<p><a href=\"https:\/\/www.boe.es\/diario_boe\/txt.php?id=BOE-A-2015-8702\">https:\/\/www.boe.es\/diario_boe\/txt.php?id=BOE-A-2015-8702<\/a><\/p>\n<p>&nbsp;<\/p>\n","protected":false},"excerpt":{"rendered":"<p>Los Premios Nacionales se regulan por la Orden ECD\/1611\/2015, de 29 de julio, por la que se crean y regulan los Premios Nacionales al rendimiento acad\u00e9mico del alumnado de Educaci\u00f3n Secundaria Obligatoria y de&#46;&#46;&#46;<\/p>\n","protected":false},"author":9380,"featured_media":0,"comment_status":"open","ping_status":"open","sticky":false,"template":"","format":"link","meta":{"ngg_post_thumbnail":0,"footnotes":""},"categories":[431],"tags":[],"aioseo_notices":[],"_links":{"self":[{"href":"https:\/\/blogsaverroes.juntadeandalucia.es\/proyectos\/wp-json\/wp\/v2\/posts\/688"}],"collection":[{"href":"https:\/\/blogsaverroes.juntadeandalucia.es\/proyectos\/wp-json\/wp\/v2\/posts"}],"about":[{"href":"https:\/\/blogsaverroes.juntadeandalucia.es\/proyectos\/wp-json\/wp\/v2\/types\/post"}],"author":[{"embeddable":true,"href":"https:\/\/blogsaverroes.juntadeandalucia.es\/proyectos\/wp-json\/wp\/v2\/users\/9380"}],"replies":[{"embeddable":true,"href":"https:\/\/blogsaverroes.juntadeandalucia.es\/proyectos\/wp-json\/wp\/v2\/comments?post=688"}],"version-history":[{"count":3,"href":"https:\/\/blogsaverroes.juntadeandalucia.es\/proyectos\/wp-json\/wp\/v2\/posts\/688\/revisions"}],"predecessor-version":[{"id":909,"href":"https:\/\/blogsaverroes.juntadeandalucia.es\/proyectos\/wp-json\/wp\/v2\/posts\/688\/revisions\/909"}],"wp:attachment":[{"href":"https:\/\/blogsaverroes.juntadeandalucia.es\/proyectos\/wp-json\/wp\/v2\/media?parent=688"}],"wp:term":[{"taxonomy":"category","embeddable":true,"href":"https:\/\/blogsaverroes.juntadeandalucia.es\/proyectos\/wp-json\/wp\/v2\/categories?post=688"},{"taxonomy":"post_tag","embeddable":true,"href":"https:\/\/blogsaverroes.juntadeandalucia.es\/proyectos\/wp-json\/wp\/v2\/tags?post=688"}],"curies":[{"name":"wp","href":"https:\/\/api.w.org\/{rel}","templated":true}]}}