{"id":693,"date":"2020-04-24T20:51:24","date_gmt":"2020-04-24T18:51:24","guid":{"rendered":"https:\/\/blogsaverroes.juntadeandalucia.es\/proyectos\/?p=693"},"modified":"2020-04-25T21:27:43","modified_gmt":"2020-04-25T19:27:43","slug":"proyecto-premiado-ea-2-012","status":"publish","type":"post","link":"https:\/\/blogsaverroes.juntadeandalucia.es\/proyectos\/2020\/04\/24\/proyecto-premiado-ea-2-012\/","title":{"rendered":"Proyecto premiado EA 2.012"},"content":{"rendered":"<p>Premio Extraordinario de la Familia Profesional de Dise\u00f1o de Interiores a do\u00f1a Andrea Mart\u00edn Herrero, alumna de la Escuela de Arte de Algeciras, por el Proyecto de adecuaci\u00f3n de local comercial a Farmacia, del ciclo formativo de grado superior de Proyectos y Direcci\u00f3n de Obras de<br \/>\nDecoraci\u00f3n. Realizado en el curso 2.010-11.<\/p>\n\n\t\t<style>\n\t\t\t#gallery-1 {\n\t\t\t\tmargin: auto;\n\t\t\t}\n\t\t\t#gallery-1 .gallery-item {\n\t\t\t\tfloat: left;\n\t\t\t\tmargin-top: 10px;\n\t\t\t\ttext-align: center;\n\t\t\t\twidth: 50%;\n\t\t\t}\n\t\t\t#gallery-1 img {\n\t\t\t\tborder: 2px solid #cfcfcf;\n\t\t\t}\n\t\t\t#gallery-1 .gallery-caption {\n\t\t\t\tmargin-left: 0;\n\t\t\t}\n\t\t\t\/* see gallery_shortcode() in wp-includes\/media.php *\/\n\t\t<\/style>\n\t\t<div id='gallery-1' class='gallery galleryid-693 gallery-columns-2 gallery-size-medium'><dl class='gallery-item'>\n\t\t\t<dt class='gallery-icon landscape'>\n\t\t\t\t<a href='https:\/\/blogsaverroes.juntadeandalucia.es\/proyectos\/2020\/04\/24\/proyecto-premiado-ea-2-012\/distribucion-reformado-color\/'><img loading=\"lazy\" decoding=\"async\" width=\"300\" height=\"213\" src=\"https:\/\/blogsaverroes.juntadeandalucia.es\/proyectos\/files\/2020\/04\/DISTRIBUCION-reformado-COLOR-300x213.jpg\" class=\"attachment-medium size-medium\" alt=\"DISTRIBUCION reformado COLOR\" aria-describedby=\"gallery-1-695\" srcset=\"https:\/\/blogsaverroes.juntadeandalucia.es\/proyectos\/files\/2020\/04\/DISTRIBUCION-reformado-COLOR-300x213.jpg 300w, https:\/\/blogsaverroes.juntadeandalucia.es\/proyectos\/files\/2020\/04\/DISTRIBUCION-reformado-COLOR-768x545.jpg 768w, https:\/\/blogsaverroes.juntadeandalucia.es\/proyectos\/files\/2020\/04\/DISTRIBUCION-reformado-COLOR-1024x726.jpg 1024w, https:\/\/blogsaverroes.juntadeandalucia.es\/proyectos\/files\/2020\/04\/DISTRIBUCION-reformado-COLOR-24x17.jpg 24w, https:\/\/blogsaverroes.juntadeandalucia.es\/proyectos\/files\/2020\/04\/DISTRIBUCION-reformado-COLOR-36x26.jpg 36w, https:\/\/blogsaverroes.juntadeandalucia.es\/proyectos\/files\/2020\/04\/DISTRIBUCION-reformado-COLOR-48x34.jpg 48w\" sizes=\"(max-width: 300px) 100vw, 300px\" \/><\/a>\n\t\t\t<\/dt>\n\t\t\t\t<dd class='wp-caption-text gallery-caption' id='gallery-1-695'>\n\t\t\t\tDISTRIBUCION reformado COLOR\n\t\t\t\t<\/dd><\/dl><dl class='gallery-item'>\n\t\t\t<dt class='gallery-icon landscape'>\n\t\t\t\t<a href='https:\/\/blogsaverroes.juntadeandalucia.es\/proyectos\/2020\/04\/24\/proyecto-premiado-ea-2-012\/fachadas-reformado-color\/'><img loading=\"lazy\" decoding=\"async\" width=\"300\" height=\"213\" src=\"https:\/\/blogsaverroes.juntadeandalucia.es\/proyectos\/files\/2020\/04\/FACHADAS-reformado-COLOR-300x213.jpg\" class=\"attachment-medium size-medium\" alt=\"FACHADAS-reformado-COLOR\" aria-describedby=\"gallery-1-696\" srcset=\"https:\/\/blogsaverroes.juntadeandalucia.es\/proyectos\/files\/2020\/04\/FACHADAS-reformado-COLOR-300x213.jpg 300w, https:\/\/blogsaverroes.juntadeandalucia.es\/proyectos\/files\/2020\/04\/FACHADAS-reformado-COLOR-768x545.jpg 768w, https:\/\/blogsaverroes.juntadeandalucia.es\/proyectos\/files\/2020\/04\/FACHADAS-reformado-COLOR-1024x726.jpg 1024w, https:\/\/blogsaverroes.juntadeandalucia.es\/proyectos\/files\/2020\/04\/FACHADAS-reformado-COLOR-24x17.jpg 24w, https:\/\/blogsaverroes.juntadeandalucia.es\/proyectos\/files\/2020\/04\/FACHADAS-reformado-COLOR-36x26.jpg 36w, https:\/\/blogsaverroes.juntadeandalucia.es\/proyectos\/files\/2020\/04\/FACHADAS-reformado-COLOR-48x34.jpg 48w\" sizes=\"(max-width: 300px) 100vw, 300px\" \/><\/a>\n\t\t\t<\/dt>\n\t\t\t\t<dd class='wp-caption-text gallery-caption' id='gallery-1-696'>\n\t\t\t\tFACHADAS-reformado-COLOR\n\t\t\t\t<\/dd><\/dl><br style=\"clear: both\" \/><dl class='gallery-item'>\n\t\t\t<dt class='gallery-icon landscape'>\n\t\t\t\t<a href='https:\/\/blogsaverroes.juntadeandalucia.es\/proyectos\/2020\/04\/24\/proyecto-premiado-ea-2-012\/secciones-aa-y-bb-colorr\/'><img loading=\"lazy\" decoding=\"async\" width=\"300\" height=\"213\" src=\"https:\/\/blogsaverroes.juntadeandalucia.es\/proyectos\/files\/2020\/04\/SECCIONES-AA-Y-BB-COLORR-300x213.jpg\" class=\"attachment-medium size-medium\" alt=\"SECCIONES-AA-Y-BB-COLOR\" aria-describedby=\"gallery-1-697\" srcset=\"https:\/\/blogsaverroes.juntadeandalucia.es\/proyectos\/files\/2020\/04\/SECCIONES-AA-Y-BB-COLORR-300x213.jpg 300w, https:\/\/blogsaverroes.juntadeandalucia.es\/proyectos\/files\/2020\/04\/SECCIONES-AA-Y-BB-COLORR-768x545.jpg 768w, https:\/\/blogsaverroes.juntadeandalucia.es\/proyectos\/files\/2020\/04\/SECCIONES-AA-Y-BB-COLORR-1024x726.jpg 1024w, https:\/\/blogsaverroes.juntadeandalucia.es\/proyectos\/files\/2020\/04\/SECCIONES-AA-Y-BB-COLORR-24x17.jpg 24w, https:\/\/blogsaverroes.juntadeandalucia.es\/proyectos\/files\/2020\/04\/SECCIONES-AA-Y-BB-COLORR-36x26.jpg 36w, https:\/\/blogsaverroes.juntadeandalucia.es\/proyectos\/files\/2020\/04\/SECCIONES-AA-Y-BB-COLORR-48x34.jpg 48w\" sizes=\"(max-width: 300px) 100vw, 300px\" \/><\/a>\n\t\t\t<\/dt>\n\t\t\t\t<dd class='wp-caption-text gallery-caption' id='gallery-1-697'>\n\t\t\t\tSECCIONES-AA-Y-BB-COLOR\n\t\t\t\t<\/dd><\/dl><dl class='gallery-item'>\n\t\t\t<dt class='gallery-icon landscape'>\n\t\t\t\t<a href='https:\/\/blogsaverroes.juntadeandalucia.es\/proyectos\/2020\/04\/24\/proyecto-premiado-ea-2-012\/secciones-cc-y-dd-colorr\/'><img loading=\"lazy\" decoding=\"async\" width=\"300\" height=\"213\" src=\"https:\/\/blogsaverroes.juntadeandalucia.es\/proyectos\/files\/2020\/04\/SECCIONES-CC-Y-DD-COLORR-300x213.jpg\" class=\"attachment-medium size-medium\" alt=\"SECCIONES CC&#039; Y DD&#039; COLOR\" aria-describedby=\"gallery-1-698\" srcset=\"https:\/\/blogsaverroes.juntadeandalucia.es\/proyectos\/files\/2020\/04\/SECCIONES-CC-Y-DD-COLORR-300x213.jpg 300w, https:\/\/blogsaverroes.juntadeandalucia.es\/proyectos\/files\/2020\/04\/SECCIONES-CC-Y-DD-COLORR-768x545.jpg 768w, https:\/\/blogsaverroes.juntadeandalucia.es\/proyectos\/files\/2020\/04\/SECCIONES-CC-Y-DD-COLORR-1024x726.jpg 1024w, https:\/\/blogsaverroes.juntadeandalucia.es\/proyectos\/files\/2020\/04\/SECCIONES-CC-Y-DD-COLORR-24x17.jpg 24w, https:\/\/blogsaverroes.juntadeandalucia.es\/proyectos\/files\/2020\/04\/SECCIONES-CC-Y-DD-COLORR-36x26.jpg 36w, https:\/\/blogsaverroes.juntadeandalucia.es\/proyectos\/files\/2020\/04\/SECCIONES-CC-Y-DD-COLORR-48x34.jpg 48w\" sizes=\"(max-width: 300px) 100vw, 300px\" \/><\/a>\n\t\t\t<\/dt>\n\t\t\t\t<dd class='wp-caption-text gallery-caption' id='gallery-1-698'>\n\t\t\t\tSECCIONES CC&#8217; Y DD&#8217; COLOR\n\t\t\t\t<\/dd><\/dl><br style=\"clear: both\" \/><dl class='gallery-item'>\n\t\t\t<dt class='gallery-icon landscape'>\n\t\t\t\t<a href='https:\/\/blogsaverroes.juntadeandalucia.es\/proyectos\/2020\/04\/24\/proyecto-premiado-ea-2-012\/render5\/'><img loading=\"lazy\" decoding=\"async\" width=\"300\" height=\"212\" src=\"https:\/\/blogsaverroes.juntadeandalucia.es\/proyectos\/files\/2020\/04\/render5-300x212.jpg\" class=\"attachment-medium size-medium\" alt=\"Render 1\" aria-describedby=\"gallery-1-699\" srcset=\"https:\/\/blogsaverroes.juntadeandalucia.es\/proyectos\/files\/2020\/04\/render5-300x212.jpg 300w, https:\/\/blogsaverroes.juntadeandalucia.es\/proyectos\/files\/2020\/04\/render5-768x543.jpg 768w, https:\/\/blogsaverroes.juntadeandalucia.es\/proyectos\/files\/2020\/04\/render5-1024x724.jpg 1024w, https:\/\/blogsaverroes.juntadeandalucia.es\/proyectos\/files\/2020\/04\/render5-24x17.jpg 24w, https:\/\/blogsaverroes.juntadeandalucia.es\/proyectos\/files\/2020\/04\/render5-36x25.jpg 36w, https:\/\/blogsaverroes.juntadeandalucia.es\/proyectos\/files\/2020\/04\/render5-48x34.jpg 48w\" sizes=\"(max-width: 300px) 100vw, 300px\" \/><\/a>\n\t\t\t<\/dt>\n\t\t\t\t<dd class='wp-caption-text gallery-caption' id='gallery-1-699'>\n\t\t\t\tRender 1\n\t\t\t\t<\/dd><\/dl><dl class='gallery-item'>\n\t\t\t<dt class='gallery-icon landscape'>\n\t\t\t\t<a href='https:\/\/blogsaverroes.juntadeandalucia.es\/proyectos\/2020\/04\/24\/proyecto-premiado-ea-2-012\/render6\/'><img loading=\"lazy\" decoding=\"async\" width=\"300\" height=\"212\" src=\"https:\/\/blogsaverroes.juntadeandalucia.es\/proyectos\/files\/2020\/04\/render6-300x212.jpg\" class=\"attachment-medium size-medium\" alt=\"Render 2\" aria-describedby=\"gallery-1-700\" srcset=\"https:\/\/blogsaverroes.juntadeandalucia.es\/proyectos\/files\/2020\/04\/render6-300x212.jpg 300w, https:\/\/blogsaverroes.juntadeandalucia.es\/proyectos\/files\/2020\/04\/render6-768x543.jpg 768w, https:\/\/blogsaverroes.juntadeandalucia.es\/proyectos\/files\/2020\/04\/render6-1024x724.jpg 1024w, https:\/\/blogsaverroes.juntadeandalucia.es\/proyectos\/files\/2020\/04\/render6-24x17.jpg 24w, https:\/\/blogsaverroes.juntadeandalucia.es\/proyectos\/files\/2020\/04\/render6-36x25.jpg 36w, https:\/\/blogsaverroes.juntadeandalucia.es\/proyectos\/files\/2020\/04\/render6-48x34.jpg 48w\" sizes=\"(max-width: 300px) 100vw, 300px\" \/><\/a>\n\t\t\t<\/dt>\n\t\t\t\t<dd class='wp-caption-text gallery-caption' id='gallery-1-700'>\n\t\t\t\tRender 2\n\t\t\t\t<\/dd><\/dl><br style=\"clear: both\" \/>\n\t\t<\/div>\n\n<p>&nbsp;<\/p>\n<p>&nbsp;<\/p>\n","protected":false},"excerpt":{"rendered":"<p>Premio Extraordinario de la Familia Profesional de Dise\u00f1o de Interiores a do\u00f1a Andrea Mart\u00edn Herrero, alumna de la Escuela de Arte de Algeciras, por el Proyecto de adecuaci\u00f3n de local comercial a Farmacia, del&#46;&#46;&#46;<\/p>\n","protected":false},"author":9380,"featured_media":0,"comment_status":"open","ping_status":"open","sticky":false,"template":"","format":"standard","meta":{"ngg_post_thumbnail":0,"footnotes":""},"categories":[1894893,1894895],"tags":[],"aioseo_notices":[],"_links":{"self":[{"href":"https:\/\/blogsaverroes.juntadeandalucia.es\/proyectos\/wp-json\/wp\/v2\/posts\/693"}],"collection":[{"href":"https:\/\/blogsaverroes.juntadeandalucia.es\/proyectos\/wp-json\/wp\/v2\/posts"}],"about":[{"href":"https:\/\/blogsaverroes.juntadeandalucia.es\/proyectos\/wp-json\/wp\/v2\/types\/post"}],"author":[{"embeddable":true,"href":"https:\/\/blogsaverroes.juntadeandalucia.es\/proyectos\/wp-json\/wp\/v2\/users\/9380"}],"replies":[{"embeddable":true,"href":"https:\/\/blogsaverroes.juntadeandalucia.es\/proyectos\/wp-json\/wp\/v2\/comments?post=693"}],"version-history":[{"count":6,"href":"https:\/\/blogsaverroes.juntadeandalucia.es\/proyectos\/wp-json\/wp\/v2\/posts\/693\/revisions"}],"predecessor-version":[{"id":713,"href":"https:\/\/blogsaverroes.juntadeandalucia.es\/proyectos\/wp-json\/wp\/v2\/posts\/693\/revisions\/713"}],"wp:attachment":[{"href":"https:\/\/blogsaverroes.juntadeandalucia.es\/proyectos\/wp-json\/wp\/v2\/media?parent=693"}],"wp:term":[{"taxonomy":"category","embeddable":true,"href":"https:\/\/blogsaverroes.juntadeandalucia.es\/proyectos\/wp-json\/wp\/v2\/categories?post=693"},{"taxonomy":"post_tag","embeddable":true,"href":"https:\/\/blogsaverroes.juntadeandalucia.es\/proyectos\/wp-json\/wp\/v2\/tags?post=693"}],"curies":[{"name":"wp","href":"https:\/\/api.w.org\/{rel}","templated":true}]}}