{"id":347,"date":"2024-09-14T07:10:30","date_gmt":"2024-09-14T07:10:30","guid":{"rendered":"https:\/\/blogsaverroes.juntadeandalucia.es\/proyectosrosaleda\/?p=347"},"modified":"2024-09-24T06:50:52","modified_gmt":"2024-09-24T06:50:52","slug":"refuerzo-competencias","status":"publish","type":"post","link":"https:\/\/blogsaverroes.juntadeandalucia.es\/proyectosrosaleda\/2024\/09\/14\/refuerzo-competencias\/","title":{"rendered":"Refuerzo competencias"},"content":{"rendered":"<p>En la convocatoria del curso 2024 de proyectos para el refuerzo de competencias y mejora de la empleabilidad del alumnado que cursa formaci\u00f3n profesional dual, se han presentado los siguientes proyectos.<\/p>\n<ul>\n<li><strong>Seguridad en la utilizaci\u00f3n de carretillas de manutenci\u00f3n, manipulaci\u00f3n de cargas con carretillas elevadoras<\/strong>. Esta formaci\u00f3n est\u00e1 orientada a la adquisici\u00f3n de competencias relacionadas con el manejo y seguridad de los equipos de manutenci\u00f3n necesarios en una de las principales salidas profesionales como acopiador\/a de materias primas. Formaci\u00f3n conducente a la obtenci\u00f3n del carn\u00e9 de carretillero. Va dirigida al grado medio de Elaboraci\u00f3n de Productos Alimenticios.<\/li>\n<li><strong>Sostenibilidad marina: importancia para el equilibrio de los ecosistemas terrestres<\/strong>. Esta formaci\u00f3n est\u00e1 orientada al alumnado de grado superior de Procesos y Calidad en la Industria Alimentaria y abordar\u00e1 la importancia del equilibrio y sostenibilidad marina como paso previo a un equilibrio de los ecosistemas terrestres, as\u00ed como la importancia de la econom\u00eda circular. Se impartir\u00e1n talleres con empresas especializadas en: Sostenibilidad Marina, Nutrici\u00f3n, Digitalizaci\u00f3n en la Industria Alimentaria e Inteligencia Artificial.<\/li>\n<li><strong>M\u00e1s controles num\u00e9ricos, m\u00e1s oportunidades de empleo<\/strong>. La formaci\u00f3n solicitada est\u00e1 orientada a poner al alumnado del al grado superior de Programaci\u00f3n de la Producci\u00f3n en Fabricaci\u00f3n Mec\u00e1nica en contacto con diferentes controles num\u00e9ricos (Fanuc, Heidenhain, Okuma) en tres de las empresas que colaboran con la formaci\u00f3n dual. De ese modo ganar\u00e1n confianza en su incorporaci\u00f3n al mercado laboral con independencia del control num\u00e9rico que hayan manejado en las pr\u00e1cticas.&nbsp;<\/li>\n<li><strong>PRL para trabajos de montador de estructuras de madera<\/strong>. A trav\u00e9s de esta formaci\u00f3n el alumnado del ciclo de Dise\u00f1o y Amueblamiento adquirir\u00e1 los conocimientos b\u00e1sicos necesarios para poder identificar los riesgos derivados del oficio \u201cMontador de estructuras de madera\u201d. De este modo, la persona trabajadora adquirir\u00e1 buenas pr\u00e1cticas preventivas aplicables a su actividad en el entorno de trabajo y contribuir\u00e1 al control de los mencionados riesgos, as\u00ed como a evitar o minimizar los da\u00f1os que pudieran derivarse. Esta formaci\u00f3n habilita al alumnado dual para que pueda llevar a cabo sus pr\u00e1cticas duales o su futuro empleo en empresas que realicen el montaje en obra de estructuras de madera. Homologado por la Fundaci\u00f3n Laboral de la Construcci\u00f3n.<\/li>\n<li><strong>Ingl\u00e9s en Acci\u00f3n: Preparando Profesionales Globales.<\/strong> Es un proyecto de refuerzo dise\u00f1ado para mejorar las competencias ling\u00fc\u00edsticas en ingl\u00e9s de los estudiantes del ciclo formativo de Asistencia a la Direcci\u00f3n. A trav\u00e9s de actividades pr\u00e1cticas y enfocadas al entorno laboral, se potenciar\u00e1 su capacidad de comunicaci\u00f3n en ingl\u00e9s, preparando a los futuros profesionales para enfrentar con \u00e9xito los desaf\u00edos de un mercado laboral globalizado.<\/li>\n<\/ul>\n","protected":false},"excerpt":{"rendered":"<p>En la convocatoria del curso 2024 de proyectos para el refuerzo de competencias y mejora de la empleabilidad del alumnado que cursa formaci\u00f3n profesional dual, se han presentado los siguientes&#46;&#46;&#46;<\/p>\n","protected":false},"author":6372,"featured_media":348,"comment_status":"open","ping_status":"open","sticky":false,"template":"","format":"standard","meta":{"ngg_post_thumbnail":0,"footnotes":""},"categories":[5,17],"tags":[],"aioseo_notices":[],"_links":{"self":[{"href":"https:\/\/blogsaverroes.juntadeandalucia.es\/proyectosrosaleda\/wp-json\/wp\/v2\/posts\/347"}],"collection":[{"href":"https:\/\/blogsaverroes.juntadeandalucia.es\/proyectosrosaleda\/wp-json\/wp\/v2\/posts"}],"about":[{"href":"https:\/\/blogsaverroes.juntadeandalucia.es\/proyectosrosaleda\/wp-json\/wp\/v2\/types\/post"}],"author":[{"embeddable":true,"href":"https:\/\/blogsaverroes.juntadeandalucia.es\/proyectosrosaleda\/wp-json\/wp\/v2\/users\/6372"}],"replies":[{"embeddable":true,"href":"https:\/\/blogsaverroes.juntadeandalucia.es\/proyectosrosaleda\/wp-json\/wp\/v2\/comments?post=347"}],"version-history":[{"count":5,"href":"https:\/\/blogsaverroes.juntadeandalucia.es\/proyectosrosaleda\/wp-json\/wp\/v2\/posts\/347\/revisions"}],"predecessor-version":[{"id":356,"href":"https:\/\/blogsaverroes.juntadeandalucia.es\/proyectosrosaleda\/wp-json\/wp\/v2\/posts\/347\/revisions\/356"}],"wp:featuredmedia":[{"embeddable":true,"href":"https:\/\/blogsaverroes.juntadeandalucia.es\/proyectosrosaleda\/wp-json\/wp\/v2\/media\/348"}],"wp:attachment":[{"href":"https:\/\/blogsaverroes.juntadeandalucia.es\/proyectosrosaleda\/wp-json\/wp\/v2\/media?parent=347"}],"wp:term":[{"taxonomy":"category","embeddable":true,"href":"https:\/\/blogsaverroes.juntadeandalucia.es\/proyectosrosaleda\/wp-json\/wp\/v2\/categories?post=347"},{"taxonomy":"post_tag","embeddable":true,"href":"https:\/\/blogsaverroes.juntadeandalucia.es\/proyectosrosaleda\/wp-json\/wp\/v2\/tags?post=347"}],"curies":[{"name":"wp","href":"https:\/\/api.w.org\/{rel}","templated":true}]}}