{"id":2310,"date":"2016-02-12T14:01:36","date_gmt":"2016-02-12T13:01:36","guid":{"rendered":"https:\/\/equipotecnicoorientaciongranada.wordpress.com\/?p=2310"},"modified":"2016-02-12T14:01:36","modified_gmt":"2016-02-12T13:01:36","slug":"ver-para-aprender","status":"publish","type":"post","link":"https:\/\/blogsaverroes.juntadeandalucia.es\/proyectovypinclusivo\/2016\/02\/12\/ver-para-aprender\/","title":{"rendered":"Ver para aprender"},"content":{"rendered":"<p>&nbsp;<\/p>\n<p>Desde hace 4 a\u00f1os se desarrolla un\u00a0proyecto de colaboraci\u00f3n entre el <strong>Departamento de \u00d3ptica de la Universidad de Granada<\/strong> y la <strong>Delegaci\u00f3n Territorial de Educaci\u00f3n de Granada<\/strong>, en el que se detectan anomal\u00edas visuales en edades tempranas en el alumnado de nuestros centros educativos, pudiendo estar relacionadas con dificultades en el aprendizaje de diversa \u00edndole.<\/p>\n<p><img fetchpriority=\"high\" decoding=\"async\" class=\"  wp-image-2312 alignright\" src=\"https:\/\/blogsaverroes.juntadeandalucia.es\/proyectovypinclusivo\/files\/2016\/02\/abstract-19141_1920.jpg\" alt=\"abstract-19141_1920\" width=\"351\" height=\"234\" srcset=\"https:\/\/blogsaverroes.juntadeandalucia.es\/proyectovypinclusivo\/files\/2016\/02\/abstract-19141_1920.jpg 1920w, https:\/\/blogsaverroes.juntadeandalucia.es\/proyectovypinclusivo\/files\/2016\/02\/abstract-19141_1920-300x200.jpg 300w, https:\/\/blogsaverroes.juntadeandalucia.es\/proyectovypinclusivo\/files\/2016\/02\/abstract-19141_1920-1024x682.jpg 1024w, https:\/\/blogsaverroes.juntadeandalucia.es\/proyectovypinclusivo\/files\/2016\/02\/abstract-19141_1920-768x512.jpg 768w, https:\/\/blogsaverroes.juntadeandalucia.es\/proyectovypinclusivo\/files\/2016\/02\/abstract-19141_1920-1536x1023.jpg 1536w\" sizes=\"(max-width: 351px) 100vw, 351px\" \/>Las anomal\u00edas visuales que aparecen tempranamente en la vida, con frecuencia permanecen indetectables, en gran medida porque no se realizan los test adecuados para su detecci\u00f3n. Surge pues la necesidad de conocer lo antes y mejor posible cuales son las condiciones visuales.<\/p>\n<p>La mayor\u00eda de los Screening visuales realizados en el \u00e1mbito escolar est\u00e1n orientados a la detecci\u00f3n de agudezas visuales disminuidas causadas por errores refractivos, haciendo, si acaso, un ligero \u00e9nfasis sobre aspectos visuales relacionados con la binocularidad. Esto hace que la medida de la agudeza visual Snellen solamente detecte el 35% de los escolares con alg\u00fan problema visual. Obviamente, para que un programa de exploraci\u00f3n o screening visual sea m\u00e1s fiable, \u00e9ste deber\u00eda incluir tests para detectar un m\u00e1s amplio rango de problemas binoculares y ser llevado a cabo por personal debidamente instruido.<\/p>\n<p>Para ampliar este rango de detecci\u00f3n los profesionales m\u00e9dicos\u00a0de los Equipos de Orientaci\u00f3n Educativa se formaron y capacitaron\u00a0en varias sesiones para detectar tales anomal\u00edas visuales dotados de pruebas que para\u00a0obtener alta sensibilidad y especificidad en el screening.<\/p>\n<p>Actualmente estos profesionales de los Equipos de Orientaci\u00f3n Educativa realizan estos screening con alumnado de la Etapa de Educaci\u00f3n Infantil, y el Departamento de \u00f3ptica de la Universidad de Granada hace lo propio en centros seleccionados en 2\u00ba de Educaci\u00f3n Primaria.<\/p>\n<p>Finalmente, este Departamento de \u00f3ptica pone a disposici\u00f3n de las familias su <strong>unidad de atenci\u00f3n<\/strong> para valorar con mayor profundidad los casos detectados en los centros y una propuesta de intervenci\u00f3n, prestando un valioso servicio a nuestro alumnado y sus familias.<\/p>\n<p>En relaci\u00f3n a este tema, el <strong>CEP de Granada<\/strong> ofrece una actividad formativa dirigida a docentes de cualquier etapa educativa, con el fin de sensibilizar y dotar de estrategias y herramientas para un primer filtro en la detecci\u00f3n de estas anomal\u00edas visuales que pueden estar relacionadas con diversas dificultades en el aprendizaje.<\/p>\n<p>La ficha de la actividad y la inscripci\u00f3n, que comienza el 1 de marzo, pod\u00e9is encontrarla <a href=\"http:\/\/www.cepgranada.org\/~inicio\/curso.php?,,,,,,,,161811IN05\" target=\"_blank\" rel=\"noopener\">aqu\u00ed<\/a>.<\/p>\n<p>&nbsp;<\/p>\n","protected":false},"excerpt":{"rendered":"<p>&nbsp; Desde hace 4 a\u00f1os se desarrolla un\u00a0proyecto de colaboraci\u00f3n entre el Departamento de \u00d3ptica de la Universidad de Granada y la Delegaci\u00f3n Territorial de Educaci\u00f3n de Granada, en el que se detectan anomal\u00edas visuales en edades tempranas en el alumnado de nuestros centros educativos, pudiendo estar relacionadas con dificultades en el aprendizaje de diversa &hellip; <a href=\"https:\/\/blogsaverroes.juntadeandalucia.es\/proyectovypinclusivo\/2016\/02\/12\/ver-para-aprender\/\" class=\"more-link\">Seguir leyendo <span class=\"screen-reader-text\">Ver para aprender<\/span> <span class=\"meta-nav\">&rarr;<\/span><\/a><\/p>\n","protected":false},"author":11645,"featured_media":2312,"comment_status":"open","ping_status":"open","sticky":false,"template":"","format":"standard","meta":{"ngg_post_thumbnail":0,"footnotes":""},"categories":[6,1],"tags":[149,165,167],"aioseo_notices":[],"_links":{"self":[{"href":"https:\/\/blogsaverroes.juntadeandalucia.es\/proyectovypinclusivo\/wp-json\/wp\/v2\/posts\/2310"}],"collection":[{"href":"https:\/\/blogsaverroes.juntadeandalucia.es\/proyectovypinclusivo\/wp-json\/wp\/v2\/posts"}],"about":[{"href":"https:\/\/blogsaverroes.juntadeandalucia.es\/proyectovypinclusivo\/wp-json\/wp\/v2\/types\/post"}],"author":[{"embeddable":true,"href":"https:\/\/blogsaverroes.juntadeandalucia.es\/proyectovypinclusivo\/wp-json\/wp\/v2\/users\/11645"}],"replies":[{"embeddable":true,"href":"https:\/\/blogsaverroes.juntadeandalucia.es\/proyectovypinclusivo\/wp-json\/wp\/v2\/comments?post=2310"}],"version-history":[{"count":0,"href":"https:\/\/blogsaverroes.juntadeandalucia.es\/proyectovypinclusivo\/wp-json\/wp\/v2\/posts\/2310\/revisions"}],"wp:featuredmedia":[{"embeddable":true,"href":"https:\/\/blogsaverroes.juntadeandalucia.es\/proyectovypinclusivo\/wp-json\/wp\/v2\/media\/2312"}],"wp:attachment":[{"href":"https:\/\/blogsaverroes.juntadeandalucia.es\/proyectovypinclusivo\/wp-json\/wp\/v2\/media?parent=2310"}],"wp:term":[{"taxonomy":"category","embeddable":true,"href":"https:\/\/blogsaverroes.juntadeandalucia.es\/proyectovypinclusivo\/wp-json\/wp\/v2\/categories?post=2310"},{"taxonomy":"post_tag","embeddable":true,"href":"https:\/\/blogsaverroes.juntadeandalucia.es\/proyectovypinclusivo\/wp-json\/wp\/v2\/tags?post=2310"}],"curies":[{"name":"wp","href":"https:\/\/api.w.org\/{rel}","templated":true}]}}