{"id":1894,"date":"2022-12-15T23:26:27","date_gmt":"2022-12-15T23:26:27","guid":{"rendered":"https:\/\/blogsaverroes.juntadeandalucia.es\/puntosdevida\/?p=1894"},"modified":"2023-09-21T09:16:00","modified_gmt":"2023-09-21T09:16:00","slug":"1894","status":"publish","type":"post","link":"https:\/\/blogsaverroes.juntadeandalucia.es\/puntosdevida\/2022\/12\/15\/1894\/","title":{"rendered":"Proyecto \u2018Rutas de Vida\u2019: Poniendo en valor el patrimonio de Valderrubio ligado a los antiguos secaderos de tabaco"},"content":{"rendered":"<p style=\"text-align: justify\"><img loading=\"lazy\" decoding=\"async\" class=\"alignleft wp-image-1901\" src=\"https:\/\/blogsaverroes.juntadeandalucia.es\/puntosdevida\/files\/2022\/12\/Imagen14.jpg\" alt=\"\" width=\"237\" height=\"237\" srcset=\"https:\/\/blogsaverroes.juntadeandalucia.es\/puntosdevida\/files\/2022\/12\/Imagen14.jpg 504w, https:\/\/blogsaverroes.juntadeandalucia.es\/puntosdevida\/files\/2022\/12\/Imagen14-300x300.jpg 300w, https:\/\/blogsaverroes.juntadeandalucia.es\/puntosdevida\/files\/2022\/12\/Imagen14-150x150.jpg 150w\" sizes=\"(max-width: 237px) 100vw, 237px\" \/>En el proyecto &#8216;RUTAS DE VIDA&#8217; estamos trabajamos para sumar acciones positivas a nuestro Punto de Vida NARANJA: Cuidado del Patrimonio y Memoria Hist\u00f3rica. Para ello, nuestra clase de 5\u00ba va a trabajar para contribuir a un proyecto ya iniciado en el curso anterior por el alumnado de ESO: RUTAS DE VIDA. El grupo de 2\u00ba de la ESO nos dej\u00f3 dise\u00f1ada una APP para poder poner en valor y visibilizar los antiguos secaderos de tabaco rubio que dieron nombre a nuestra localidad (Valderrubio). A nuestro alumnado de 5\u00ba le han lanzado el reto de contribuir a este proyecto que se inici\u00f3 el curso pasado a\u00f1adiendo contenido a la APP.<\/p>\n<p style=\"text-align: justify\">EL contenido estar\u00eda referido a la descripci\u00f3n de los antiguos secaderos de tabaco y la inclusi\u00f3n de fotograf\u00edas antiguas y dibujos de personas que los conocieron bien (abuelos y abuelas de la localidad que trabajaron en ellos). De esta forma, los visitantes de nuestra localidad, pueden incluir una ruta cultural a las que ya est\u00e1n dise\u00f1adas por el Ayuntamientos (casi todas unidas a la memoria de Federico Garc\u00eda Lorca). Estos antiguos secaderos de tabaco fueron fuente de riqueza en nuestra localidad y la mayor parte de las familias ten\u00edan alg\u00fan miembro que trabajaba directa o indirectamente en el cultivo y secado del tabaco.<\/p>\n<p style=\"text-align: justify\">Partiendo de este contexto, nuestros grupos de 5\u00ba y 6\u00ba se ponen en marcha para continuar la propuesta de Rutas de Vida. Cada grupo tendr\u00eda un reto asociado que se complementar\u00edan y que dar\u00edan m\u00e1s consistencia a la APP que se dar\u00e1 de alta en los pr\u00f3ximos meses.<\/p>\n<p style=\"text-align: justify\">Nuestro grupo ser\u00e1 el encargado de las descripciones y las im\u00e1genes que se incluir\u00e1n en la APP y, con ese reto en mente, dise\u00f1amos y planificamos nuestro proyecto con la plantilla de Situaciones de Aprendizaje. En este proyecto estar\u00e1n implicadas las asignaturas de lengua (donde trabajamos los textos descriptivos y especialmente la descripci\u00f3n de lugares); de conocimiento del medio (en el que trabajaremos la l\u00ednea del tiempo y la historia reciente de Valderrubio para poder situar temporalmente la \u00e9poca de esplendor del cultivo de tabaco rubio y de los secaderos de tabaco); matem\u00e1ticas (para ser capaces de de\u00f1ar un secadero en 3D teniendo en cuenta sus medidas, proporciones y vol\u00famenes); Las \u00e1reas ling\u00fc\u00edsticas de ingl\u00e9s y franc\u00e9s, que nos ayudar\u00e1n a incluir descripciones de ambos idiomas para incluirlas en la app; y el \u00e1rea de emprendimiento (que ser\u00e1 la plataforma perfecta para dise\u00f1ar nuestra campa\u00f1a de difusi\u00f3n y puesta en valor del proyecto).<\/p>\n<p style=\"text-align: justify\">Os hacemos aqu\u00ed un resumen de las actividades y productos finales que crearemos para conseguir superar este reto:<\/p>\n<ul style=\"text-align: justify\">\n<li>PROP\u00d3SITO: Contribuir a visibilizar el patrimonio de Valderrubio (Punto de Vida NARANJA).<\/li>\n<li>RETO: Dise\u00f1ar el contenido de la APP \u2018Rutas de Vida\u2019 que incluya descripci\u00f3n e im\u00e1genes de los secaderos de tabaco rubio.<\/li>\n<li>PRODUCTOS Y CREACIONES:\n<ul>\n<li>L\u00ednea del tiempo situando la \u00e9poca de los secaderos de tabaco.<\/li>\n<li>Descripci\u00f3n de uno de los secaderos de tabaco identificados en la APP.<\/li>\n<li>Lapbook\/folleto digital interactivo\/tr\u00edptico (a elegir por el equipo) para agrupar la informaci\u00f3n sobre los secaderos.<\/li>\n<li>Dibujo\/fotograf\u00eda de un secadero a partir de la explicaci\u00f3n y la visita de un abuelo de la localidad que dise\u00f1a maquetas de antiguos secaderos.<\/li>\n<\/ul>\n<\/li>\n<\/ul>\n<p style=\"text-align: justify\">Para comenzar nuestra aventura hemos explorado e investigado en antiguos recortes de prensa, en fotograf\u00edas que nos han proporcionado las familias, hemos visitado la maqueta de un secadero que hay en la casa de Federico Garc\u00eda Lorca y hemos revisado el trabajo que nos dejaron nuestros compa\u00f1eros del a\u00f1o pasado de 2\u00ba de la ESO. Con toda esa exploraci\u00f3n hemos creado nuestras descripciones de secaderos y, aunque en principio nos parec\u00eda una tarea f\u00e1cil, ha resultado m\u00e1s complejo de lo que pod\u00edamos esperar porque hacer una buena descripci\u00f3n toma su tiempo.<\/p>\n<p style=\"text-align: justify\">Una parte que tambi\u00e9n ha resultado complicada para el alumnado, ha sido conseguir situar en el tiempo determinados hitos hist\u00f3ricos vinculados a nuestra localidad y que llevaron a que la Vega de Granada, donde se sit\u00faa Valderrubio, sea un terreno ideal para el cultivo de diferentes especies de plantas y \u00e1rboles, no s\u00f3lo de tabaco. Para ello nos hemos remontado a la \u00e9poca del Soto de Roma y hemos empezado a entender de donde viene ese incre\u00edble patrimonio natural que nos rodea y que, en gran parte, se est\u00e1 perdiendo.<\/p>\n<p style=\"text-align: justify\">Despu\u00e9s de varias semanas de trabajo todos los grupos han conseguido sacar adelante tus productos finales y ya tenemos listos nuestros textos para incluir en la APP. Para ello, nos hemos entrevistado con el especialista que colabor\u00f3 en su creaci\u00f3n para que nos explicase c\u00f3mo deb\u00edan ser esos textos y las im\u00e1genes para poderlas incluir en la aplicaci\u00f3n y que tenga sentido con el dise\u00f1o. Hemos llegado con el tiempo muy apurado y no hemos podido ver el resultado final incluido en la APP as\u00ed que lo dejamos pendiente para el pr\u00f3ximo trimestres, donde los grupos de sexto tambi\u00e9n incluir\u00e1n la ruta completa que unir\u00e1 todos los secaderos que hemos descrito.<\/p>\n<p style=\"text-align: justify\">Como siempre hacemos, os dejamos algunas fotos del proyecto y de nuestros logros. En cuanto consigamos terminar nuestra APP os lo haremos saber con una gran inauguraci\u00f3n a nivel de localidad ya que este es un proyecto enorme en el que est\u00e1n implicados m\u00e1s agentes sociales que merecen estar ah\u00ed cuando la APP vea, finalmente, la luz.<\/p>\n<p><img loading=\"lazy\" decoding=\"async\" class=\"alignleft wp-image-1895\" src=\"https:\/\/blogsaverroes.juntadeandalucia.es\/puntosdevida\/files\/2023\/01\/Imagen20.png\" alt=\"\" width=\"1165\" height=\"1392\" srcset=\"https:\/\/blogsaverroes.juntadeandalucia.es\/puntosdevida\/files\/2023\/01\/Imagen20.png 886w, https:\/\/blogsaverroes.juntadeandalucia.es\/puntosdevida\/files\/2023\/01\/Imagen20-251x300.png 251w, https:\/\/blogsaverroes.juntadeandalucia.es\/puntosdevida\/files\/2023\/01\/Imagen20-857x1024.png 857w, https:\/\/blogsaverroes.juntadeandalucia.es\/puntosdevida\/files\/2023\/01\/Imagen20-768x918.png 768w\" sizes=\"(max-width: 1165px) 100vw, 1165px\" \/> <img loading=\"lazy\" decoding=\"async\" class=\"alignleft size-full wp-image-1896\" src=\"https:\/\/blogsaverroes.juntadeandalucia.es\/puntosdevida\/files\/2023\/01\/Imagen21.png\" alt=\"\" width=\"1242\" height=\"957\" srcset=\"https:\/\/blogsaverroes.juntadeandalucia.es\/puntosdevida\/files\/2023\/01\/Imagen21.png 1242w, https:\/\/blogsaverroes.juntadeandalucia.es\/puntosdevida\/files\/2023\/01\/Imagen21-300x231.png 300w, https:\/\/blogsaverroes.juntadeandalucia.es\/puntosdevida\/files\/2023\/01\/Imagen21-1024x789.png 1024w, https:\/\/blogsaverroes.juntadeandalucia.es\/puntosdevida\/files\/2023\/01\/Imagen21-768x592.png 768w\" sizes=\"(max-width: 1242px) 100vw, 1242px\" \/> <img loading=\"lazy\" decoding=\"async\" class=\"alignleft size-full wp-image-1897\" src=\"https:\/\/blogsaverroes.juntadeandalucia.es\/puntosdevida\/files\/2023\/01\/Imagen22.png\" alt=\"\" width=\"1414\" height=\"729\" srcset=\"https:\/\/blogsaverroes.juntadeandalucia.es\/puntosdevida\/files\/2023\/01\/Imagen22.png 1414w, https:\/\/blogsaverroes.juntadeandalucia.es\/puntosdevida\/files\/2023\/01\/Imagen22-300x155.png 300w, https:\/\/blogsaverroes.juntadeandalucia.es\/puntosdevida\/files\/2023\/01\/Imagen22-1024x528.png 1024w, https:\/\/blogsaverroes.juntadeandalucia.es\/puntosdevida\/files\/2023\/01\/Imagen22-768x396.png 768w\" sizes=\"(max-width: 1414px) 100vw, 1414px\" \/><\/p>\n","protected":false},"excerpt":{"rendered":"<p>En el proyecto &#8216;RUTAS DE VIDA&#8217; estamos trabajamos para sumar acciones positivas a nuestro Punto de Vida NARANJA: Cuidado del Patrimonio y Memoria Hist\u00f3rica. Para ello, nuestra clase de 5\u00ba va a trabajar para contribuir a un proyecto ya iniciado en el curso anterior por el alumnado de ESO: RUTAS DE VIDA. El grupo de [&hellip;]<\/p>\n","protected":false},"author":5048,"featured_media":1898,"comment_status":"closed","ping_status":"closed","sticky":false,"template":"","format":"standard","meta":{"ngg_post_thumbnail":0,"footnotes":""},"categories":[40],"tags":[],"aioseo_notices":[],"_links":{"self":[{"href":"https:\/\/blogsaverroes.juntadeandalucia.es\/puntosdevida\/wp-json\/wp\/v2\/posts\/1894"}],"collection":[{"href":"https:\/\/blogsaverroes.juntadeandalucia.es\/puntosdevida\/wp-json\/wp\/v2\/posts"}],"about":[{"href":"https:\/\/blogsaverroes.juntadeandalucia.es\/puntosdevida\/wp-json\/wp\/v2\/types\/post"}],"author":[{"embeddable":true,"href":"https:\/\/blogsaverroes.juntadeandalucia.es\/puntosdevida\/wp-json\/wp\/v2\/users\/5048"}],"replies":[{"embeddable":true,"href":"https:\/\/blogsaverroes.juntadeandalucia.es\/puntosdevida\/wp-json\/wp\/v2\/comments?post=1894"}],"version-history":[{"count":3,"href":"https:\/\/blogsaverroes.juntadeandalucia.es\/puntosdevida\/wp-json\/wp\/v2\/posts\/1894\/revisions"}],"predecessor-version":[{"id":1902,"href":"https:\/\/blogsaverroes.juntadeandalucia.es\/puntosdevida\/wp-json\/wp\/v2\/posts\/1894\/revisions\/1902"}],"wp:featuredmedia":[{"embeddable":true,"href":"https:\/\/blogsaverroes.juntadeandalucia.es\/puntosdevida\/wp-json\/wp\/v2\/media\/1898"}],"wp:attachment":[{"href":"https:\/\/blogsaverroes.juntadeandalucia.es\/puntosdevida\/wp-json\/wp\/v2\/media?parent=1894"}],"wp:term":[{"taxonomy":"category","embeddable":true,"href":"https:\/\/blogsaverroes.juntadeandalucia.es\/puntosdevida\/wp-json\/wp\/v2\/categories?post=1894"},{"taxonomy":"post_tag","embeddable":true,"href":"https:\/\/blogsaverroes.juntadeandalucia.es\/puntosdevida\/wp-json\/wp\/v2\/tags?post=1894"}],"curies":[{"name":"wp","href":"https:\/\/api.w.org\/{rel}","templated":true}]}}