{"id":2222,"date":"2024-06-28T10:42:03","date_gmt":"2024-06-28T09:42:03","guid":{"rendered":"https:\/\/blogsaverroes.juntadeandalucia.es\/purisimaconcepcion\/?p=2222"},"modified":"2024-06-28T10:42:03","modified_gmt":"2024-06-28T09:42:03","slug":"graduacion-23-24","status":"publish","type":"post","link":"https:\/\/blogsaverroes.juntadeandalucia.es\/purisimaconcepcion\/graduacion-23-24\/","title":{"rendered":"GRADUACI\u00d3N 23-24"},"content":{"rendered":"<p><span style=\"font-family: 'comic sans ms', sans-serif;font-size: 14pt\">El pasado d\u00eda 14 celebramos en nuestro cole la graduaci\u00f3n y fiesta de fin de curso de nuestro alumnado de 5 a\u00f1os que se despide este curso del centro para comenzar una nueva etapa en Educaci\u00f3n Primaria.<\/span><\/p>\n<p><span style=\"font-family: 'comic sans ms', sans-serif;font-size: 14pt\">Qu\u00e9 bien bailaron y qu\u00e9 mayores&nbsp; estaban con sus birretes.<\/span><\/p>\n<p><span style=\"font-family: 'comic sans ms', sans-serif;font-size: 14pt\">A continuaci\u00f3n os mostramos unas fotos de estos momentos.<\/span><\/p>\n<p><img loading=\"lazy\" decoding=\"async\" class=\"alignnone size-medium wp-image-2223\" src=\"https:\/\/blogsaverroes.juntadeandalucia.es\/purisimaconcepcion\/files\/2024\/06\/graduacion-Eli-300x257.jpg\" alt=\"\" width=\"300\" height=\"257\"> <img loading=\"lazy\" decoding=\"async\" class=\"alignnone size-medium wp-image-2224\" src=\"https:\/\/blogsaverroes.juntadeandalucia.es\/purisimaconcepcion\/files\/2024\/06\/graduacion-Inma-300x225.jpg\" alt=\"\" width=\"300\" height=\"225\"> <img loading=\"lazy\" decoding=\"async\" class=\"alignnone size-medium wp-image-2233\" src=\"https:\/\/blogsaverroes.juntadeandalucia.es\/purisimaconcepcion\/files\/2024\/06\/WhatsApp-Image-2024-06-27-at-09.38.12-300x225.jpeg\" alt=\"\" width=\"300\" height=\"225\"><\/p>\n<p>&nbsp;<\/p>\n","protected":false},"excerpt":{"rendered":"<p>El pasado d\u00eda 14 celebramos en nuestro cole la graduaci\u00f3n y fiesta de fin de curso de nuestro alumnado de 5 a\u00f1os que se despide este curso del centro para comenzar una nueva etapa en Educaci\u00f3n Primaria. Qu\u00e9 bien bailaron y qu\u00e9 mayores&nbsp; estaban con sus birretes. A continuaci\u00f3n os mostramos unas fotos de estos [&hellip;]<\/p>\n","protected":false},"author":13147,"featured_media":2232,"comment_status":"closed","ping_status":"open","sticky":false,"template":"","format":"standard","meta":{"_et_pb_use_builder":"","_et_pb_old_content":"","_et_gb_content_width":"","ngg_post_thumbnail":0,"footnotes":""},"categories":[4],"tags":[],"aioseo_notices":[],"_links":{"self":[{"href":"https:\/\/blogsaverroes.juntadeandalucia.es\/purisimaconcepcion\/wp-json\/wp\/v2\/posts\/2222"}],"collection":[{"href":"https:\/\/blogsaverroes.juntadeandalucia.es\/purisimaconcepcion\/wp-json\/wp\/v2\/posts"}],"about":[{"href":"https:\/\/blogsaverroes.juntadeandalucia.es\/purisimaconcepcion\/wp-json\/wp\/v2\/types\/post"}],"author":[{"embeddable":true,"href":"https:\/\/blogsaverroes.juntadeandalucia.es\/purisimaconcepcion\/wp-json\/wp\/v2\/users\/13147"}],"replies":[{"embeddable":true,"href":"https:\/\/blogsaverroes.juntadeandalucia.es\/purisimaconcepcion\/wp-json\/wp\/v2\/comments?post=2222"}],"version-history":[{"count":2,"href":"https:\/\/blogsaverroes.juntadeandalucia.es\/purisimaconcepcion\/wp-json\/wp\/v2\/posts\/2222\/revisions"}],"predecessor-version":[{"id":2237,"href":"https:\/\/blogsaverroes.juntadeandalucia.es\/purisimaconcepcion\/wp-json\/wp\/v2\/posts\/2222\/revisions\/2237"}],"wp:featuredmedia":[{"embeddable":true,"href":"https:\/\/blogsaverroes.juntadeandalucia.es\/purisimaconcepcion\/wp-json\/wp\/v2\/media\/2232"}],"wp:attachment":[{"href":"https:\/\/blogsaverroes.juntadeandalucia.es\/purisimaconcepcion\/wp-json\/wp\/v2\/media?parent=2222"}],"wp:term":[{"taxonomy":"category","embeddable":true,"href":"https:\/\/blogsaverroes.juntadeandalucia.es\/purisimaconcepcion\/wp-json\/wp\/v2\/categories?post=2222"},{"taxonomy":"post_tag","embeddable":true,"href":"https:\/\/blogsaverroes.juntadeandalucia.es\/purisimaconcepcion\/wp-json\/wp\/v2\/tags?post=2222"}],"curies":[{"name":"wp","href":"https:\/\/api.w.org\/{rel}","templated":true}]}}