{"id":3259,"date":"2026-02-09T13:46:12","date_gmt":"2026-02-09T12:46:12","guid":{"rendered":"https:\/\/blogsaverroes.juntadeandalucia.es\/purisimaconcepcion\/?p=3259"},"modified":"2026-02-09T13:46:12","modified_gmt":"2026-02-09T12:46:12","slug":"confort-termico-25-26","status":"publish","type":"post","link":"https:\/\/blogsaverroes.juntadeandalucia.es\/purisimaconcepcion\/confort-termico-25-26\/","title":{"rendered":"CONFORT T\u00c9RMICO 25-26"},"content":{"rendered":"<p><span style=\"font-family: comic sans ms, sans-serif;font-size: 14pt\">Con la finalidad de mejorar nuestras instalaciones para enfrentarnos de forma adecuada a las temperaturas tanto en verano como en invierno, se ha procedido a instalar varios aparatos de aire acondicionado en las clases del centro que m\u00e1s lo necesitaban.<\/span><\/p>\n<p><span style=\"font-family: comic sans ms, sans-serif;font-size: 14pt\">En este proyecto dedicado al &#8220;Confort clim\u00e1tico&#8221; promovido por la Junta de Andaluc\u00eda, ha colaborado nuestro Ayuntamiento instalando dos aparatos de aire acondicionado.<br \/>\n<\/span><\/p>\n<p><span style=\"font-family: comic sans ms, sans-serif;font-size: 14pt\">Por todo ello, queremos agradecer al Ayuntamiento de de localidad, por su implicaci\u00f3n en la mejora de las instalaciones de nuestro centro.<\/span><\/p>\n<p><span style=\"font-family: comic sans ms, sans-serif;font-size: 14pt\">Adjuntamos el comunicado que ha emitido el Ayuntamiento.<\/span><\/p>\n<p><a href=\"https:\/\/www.instagram.com\/p\/DUBQmNIDsW4\/?igsh=MXIwb2JjZHdrZ3doOQ==\">https:\/\/www.instagram.com\/p\/DUBQmNIDsW4\/?igsh=MXIwb2JjZHdrZ3doOQ==<\/a><\/p>\n<p>&nbsp;<\/p>\n<p>&nbsp;<\/p>\n","protected":false},"excerpt":{"rendered":"<p>Con la finalidad de mejorar nuestras instalaciones para enfrentarnos de forma adecuada a las temperaturas tanto en verano como en invierno, se ha procedido a instalar varios aparatos de aire acondicionado en las clases del centro que m\u00e1s lo necesitaban. En este proyecto dedicado al &#8220;Confort clim\u00e1tico&#8221; promovido por la Junta de Andaluc\u00eda, ha colaborado [&hellip;]<\/p>\n","protected":false},"author":13147,"featured_media":3262,"comment_status":"closed","ping_status":"open","sticky":false,"template":"","format":"standard","meta":{"_et_pb_use_builder":"","_et_pb_old_content":"","_et_gb_content_width":"","ngg_post_thumbnail":0,"footnotes":""},"categories":[4,1],"tags":[],"aioseo_notices":[],"_links":{"self":[{"href":"https:\/\/blogsaverroes.juntadeandalucia.es\/purisimaconcepcion\/wp-json\/wp\/v2\/posts\/3259"}],"collection":[{"href":"https:\/\/blogsaverroes.juntadeandalucia.es\/purisimaconcepcion\/wp-json\/wp\/v2\/posts"}],"about":[{"href":"https:\/\/blogsaverroes.juntadeandalucia.es\/purisimaconcepcion\/wp-json\/wp\/v2\/types\/post"}],"author":[{"embeddable":true,"href":"https:\/\/blogsaverroes.juntadeandalucia.es\/purisimaconcepcion\/wp-json\/wp\/v2\/users\/13147"}],"replies":[{"embeddable":true,"href":"https:\/\/blogsaverroes.juntadeandalucia.es\/purisimaconcepcion\/wp-json\/wp\/v2\/comments?post=3259"}],"version-history":[{"count":3,"href":"https:\/\/blogsaverroes.juntadeandalucia.es\/purisimaconcepcion\/wp-json\/wp\/v2\/posts\/3259\/revisions"}],"predecessor-version":[{"id":3263,"href":"https:\/\/blogsaverroes.juntadeandalucia.es\/purisimaconcepcion\/wp-json\/wp\/v2\/posts\/3259\/revisions\/3263"}],"wp:featuredmedia":[{"embeddable":true,"href":"https:\/\/blogsaverroes.juntadeandalucia.es\/purisimaconcepcion\/wp-json\/wp\/v2\/media\/3262"}],"wp:attachment":[{"href":"https:\/\/blogsaverroes.juntadeandalucia.es\/purisimaconcepcion\/wp-json\/wp\/v2\/media?parent=3259"}],"wp:term":[{"taxonomy":"category","embeddable":true,"href":"https:\/\/blogsaverroes.juntadeandalucia.es\/purisimaconcepcion\/wp-json\/wp\/v2\/categories?post=3259"},{"taxonomy":"post_tag","embeddable":true,"href":"https:\/\/blogsaverroes.juntadeandalucia.es\/purisimaconcepcion\/wp-json\/wp\/v2\/tags?post=3259"}],"curies":[{"name":"wp","href":"https:\/\/api.w.org\/{rel}","templated":true}]}}