{"id":58,"date":"2021-05-21T13:16:42","date_gmt":"2021-05-21T11:16:42","guid":{"rendered":"https:\/\/blogsaverroes.juntadeandalucia.es\/quintonaranjo\/?p=58"},"modified":"2021-05-21T13:44:04","modified_gmt":"2021-05-21T11:44:04","slug":"hablamos-connuestros-abuelos","status":"publish","type":"post","link":"https:\/\/blogsaverroes.juntadeandalucia.es\/quintonaranjo\/2021\/05\/21\/hablamos-connuestros-abuelos\/","title":{"rendered":"HABLAMOS CON NUESTRAS ABUELAS Y ABUELOS"},"content":{"rendered":"<p><span style=\"font-family: 'comic sans ms', sans-serif;font-size: 18pt;color: #0000ff\"><span style=\"font-size: 14pt\">DENTRO DE LAS ACTIVIDADES PARA CONMEMORAR EL D\u00cdA DE ANDALUC\u00cdA, HUBO UNA MUY ESPECIAL EN LA QUE LOS NI\u00d1OS Y NI\u00d1AS DE 5\u00ba HABLARON CON SUS ABUELAS Y ABUELOS SOBRE C\u00d3MO HAB\u00cdA SIDO SU NI\u00d1EZ&#8230; FUE UNA ACTIVIDAD&nbsp; ENTRA\u00d1ABLE.&nbsp; Entra en el post si quieres ver m\u00e1s.<\/span><\/span><\/p>\n<p>&nbsp;<\/p>\n<p><img loading=\"lazy\" decoding=\"async\" class=\"wp-image-59 alignleft\" src=\"https:\/\/blogsaverroes.juntadeandalucia.es\/quintonaranjo\/files\/2021\/05\/Abuelos-225x300.jpg\" alt=\"Sof\u00eda y Sergio participando en la actividad\" width=\"293\" height=\"391\" srcset=\"https:\/\/blogsaverroes.juntadeandalucia.es\/quintonaranjo\/files\/2021\/05\/Abuelos-225x300.jpg 225w, https:\/\/blogsaverroes.juntadeandalucia.es\/quintonaranjo\/files\/2021\/05\/Abuelos-768x1024.jpg 768w, https:\/\/blogsaverroes.juntadeandalucia.es\/quintonaranjo\/files\/2021\/05\/Abuelos-1152x1536.jpg 1152w, https:\/\/blogsaverroes.juntadeandalucia.es\/quintonaranjo\/files\/2021\/05\/Abuelos-1536x2048.jpg 1536w, https:\/\/blogsaverroes.juntadeandalucia.es\/quintonaranjo\/files\/2021\/05\/Abuelos-scaled.jpg 1920w\" sizes=\"(max-width: 293px) 100vw, 293px\" \/><\/p>\n<p><span style=\"font-size: 14pt\"><span style=\"font-family: 'comic sans ms', sans-serif;color: #993366\">Aqu\u00ed vemos a Serg<\/span><span style=\"color: #993366;font-family: 'comic sans ms', sans-serif\">io y Sof\u00eda <\/span><\/span><\/p>\n<p><span style=\"color: #993366;font-family: 'comic sans ms', sans-serif;font-size: 14pt\">participando en la actividad.<\/span><\/p>\n","protected":false},"excerpt":{"rendered":"<p>DENTRO DE LAS ACTIVIDADES PARA CONMEMORAR EL D\u00cdA DE ANDALUC\u00cdA, HUBO UNA MUY ESPECIAL EN LA QUE LOS NI\u00d1OS Y NI\u00d1AS DE 5\u00ba HABLARON CON SUS ABUELAS Y ABUELOS SOBRE C\u00d3MO HAB\u00cdA SIDO SU NI\u00d1EZ&#8230; FUE UNA ACTIVIDAD&nbsp; ENTRA\u00d1ABLE.&nbsp; Entra en el post si quieres ver m\u00e1s. &nbsp; Aqu\u00ed vemos a Sergio y Sof\u00eda participando [&hellip;]<\/p>\n","protected":false},"author":6681,"featured_media":0,"comment_status":"open","ping_status":"open","sticky":false,"template":"","format":"standard","meta":{"ngg_post_thumbnail":0,"footnotes":""},"categories":[1],"tags":[],"aioseo_notices":[],"_links":{"self":[{"href":"https:\/\/blogsaverroes.juntadeandalucia.es\/quintonaranjo\/wp-json\/wp\/v2\/posts\/58"}],"collection":[{"href":"https:\/\/blogsaverroes.juntadeandalucia.es\/quintonaranjo\/wp-json\/wp\/v2\/posts"}],"about":[{"href":"https:\/\/blogsaverroes.juntadeandalucia.es\/quintonaranjo\/wp-json\/wp\/v2\/types\/post"}],"author":[{"embeddable":true,"href":"https:\/\/blogsaverroes.juntadeandalucia.es\/quintonaranjo\/wp-json\/wp\/v2\/users\/6681"}],"replies":[{"embeddable":true,"href":"https:\/\/blogsaverroes.juntadeandalucia.es\/quintonaranjo\/wp-json\/wp\/v2\/comments?post=58"}],"version-history":[{"count":7,"href":"https:\/\/blogsaverroes.juntadeandalucia.es\/quintonaranjo\/wp-json\/wp\/v2\/posts\/58\/revisions"}],"predecessor-version":[{"id":66,"href":"https:\/\/blogsaverroes.juntadeandalucia.es\/quintonaranjo\/wp-json\/wp\/v2\/posts\/58\/revisions\/66"}],"wp:attachment":[{"href":"https:\/\/blogsaverroes.juntadeandalucia.es\/quintonaranjo\/wp-json\/wp\/v2\/media?parent=58"}],"wp:term":[{"taxonomy":"category","embeddable":true,"href":"https:\/\/blogsaverroes.juntadeandalucia.es\/quintonaranjo\/wp-json\/wp\/v2\/categories?post=58"},{"taxonomy":"post_tag","embeddable":true,"href":"https:\/\/blogsaverroes.juntadeandalucia.es\/quintonaranjo\/wp-json\/wp\/v2\/tags?post=58"}],"curies":[{"name":"wp","href":"https:\/\/api.w.org\/{rel}","templated":true}]}}