{"id":70,"date":"2022-05-27T20:32:39","date_gmt":"2022-05-27T20:32:39","guid":{"rendered":"https:\/\/blogsaverroes.juntadeandalucia.es\/radiovicentealeixandre\/?p=70"},"modified":"2023-10-17T18:18:30","modified_gmt":"2023-10-17T18:18:30","slug":"redes-sociales-y-videojuegos-como-lo-hacian-nuestros-padres-programa-conred-en-6ob","status":"publish","type":"post","link":"https:\/\/blogsaverroes.juntadeandalucia.es\/radiovicentealeixandre\/2022\/05\/27\/redes-sociales-y-videojuegos-como-lo-hacian-nuestros-padres-programa-conred-en-6ob\/","title":{"rendered":"Redes sociales y videojuegos \u00bfC\u00f3mo lo hac\u00edan nuestros padres? Programa CONRED en 6\u00baB."},"content":{"rendered":"<p>Hemos organizado el programa CONRED a trav\u00e9s de la preparaci\u00f3n y emisi\u00f3n de varios programas de radio para profundizar sobre tem\u00e1ticas relacionadas con el buen uso de las redes sociales. Aqu\u00ed pod\u00e9is escuchar un programa.<\/p>\n<p><iframe loading=\"lazy\" src=\"https:\/\/anchor.fm\/radio-vicente-aleixandre\/embed\/episodes\/Redes-sociales-y-videojuegos-Cmo-lo-hacan-nuestros-padres--Programa-CONRED-en-6B-e1j5qri\" width=\"600px\" height=\"102px\" frameborder=\"0\" scrolling=\"no\"><span data-mce-type=\"bookmark\" style=\"width: 0px;overflow: hidden;line-height: 0\" class=\"mce_SELRES_start\">\ufeff<\/span>&amp;lt;span data-mce-type=\u00bbbookmark\u00bb style=\u00bbwidth: 0px; overflow: hidden; line-height: 0;\u00bb class=\u00bbmce_SELRES_start\u00bb&amp;gt;\ufeff&amp;lt;\/span&amp;gt;&amp;lt;span data-mce-type=\u00bbbookmark\u00bb style=\u00bbwidth: 0px; overflow: hidden; line-height: 0;\u00bb class=\u00bbmce_SELRES_start\u00bb&amp;gt;\ufeff&amp;lt;\/span&amp;gt;<\/iframe><\/p>\n","protected":false},"excerpt":{"rendered":"<p>Hemos organizado el programa CONRED a trav\u00e9s de la preparaci\u00f3n y emisi\u00f3n de varios programas de radio para profundizar sobre tem\u00e1ticas relacionadas con el buen uso de las redes sociales. Aqu\u00ed pod\u00e9is escuchar un&#46;&#46;&#46;<\/p>\n","protected":false},"author":8121,"featured_media":72,"comment_status":"open","ping_status":"open","sticky":false,"template":"","format":"audio","meta":{"ngg_post_thumbnail":0,"footnotes":""},"categories":[8,7],"tags":[],"aioseo_notices":[],"_links":{"self":[{"href":"https:\/\/blogsaverroes.juntadeandalucia.es\/radiovicentealeixandre\/wp-json\/wp\/v2\/posts\/70"}],"collection":[{"href":"https:\/\/blogsaverroes.juntadeandalucia.es\/radiovicentealeixandre\/wp-json\/wp\/v2\/posts"}],"about":[{"href":"https:\/\/blogsaverroes.juntadeandalucia.es\/radiovicentealeixandre\/wp-json\/wp\/v2\/types\/post"}],"author":[{"embeddable":true,"href":"https:\/\/blogsaverroes.juntadeandalucia.es\/radiovicentealeixandre\/wp-json\/wp\/v2\/users\/8121"}],"replies":[{"embeddable":true,"href":"https:\/\/blogsaverroes.juntadeandalucia.es\/radiovicentealeixandre\/wp-json\/wp\/v2\/comments?post=70"}],"version-history":[{"count":5,"href":"https:\/\/blogsaverroes.juntadeandalucia.es\/radiovicentealeixandre\/wp-json\/wp\/v2\/posts\/70\/revisions"}],"predecessor-version":[{"id":114,"href":"https:\/\/blogsaverroes.juntadeandalucia.es\/radiovicentealeixandre\/wp-json\/wp\/v2\/posts\/70\/revisions\/114"}],"wp:featuredmedia":[{"embeddable":true,"href":"https:\/\/blogsaverroes.juntadeandalucia.es\/radiovicentealeixandre\/wp-json\/wp\/v2\/media\/72"}],"wp:attachment":[{"href":"https:\/\/blogsaverroes.juntadeandalucia.es\/radiovicentealeixandre\/wp-json\/wp\/v2\/media?parent=70"}],"wp:term":[{"taxonomy":"category","embeddable":true,"href":"https:\/\/blogsaverroes.juntadeandalucia.es\/radiovicentealeixandre\/wp-json\/wp\/v2\/categories?post=70"},{"taxonomy":"post_tag","embeddable":true,"href":"https:\/\/blogsaverroes.juntadeandalucia.es\/radiovicentealeixandre\/wp-json\/wp\/v2\/tags?post=70"}],"curies":[{"name":"wp","href":"https:\/\/api.w.org\/{rel}","templated":true}]}}