{"id":1009,"date":"2018-02-16T10:03:34","date_gmt":"2018-02-16T10:03:34","guid":{"rendered":"http:\/\/blogsaverroes.juntadeandalucia.es\/ramonsimonet\/?p=1009"},"modified":"2018-02-16T10:04:03","modified_gmt":"2018-02-16T10:04:03","slug":"centro-promotor-de-convivencia-plus","status":"publish","type":"post","link":"https:\/\/blogsaverroes.juntadeandalucia.es\/ramonsimonet\/centro-promotor-de-convivencia-plus\/","title":{"rendered":"Centro Promotor de Convivencia Plus"},"content":{"rendered":"<p style=\"text-align: justify\">&nbsp; &nbsp; &nbsp; &nbsp; &nbsp; &nbsp; &nbsp; La Delegaci\u00f3n Territorial de Educaci\u00f3n de M\u00e1laga ha otorgado a nuestro colegio un reconocimiento como Centro Promotor de Convivencia Positiva (Convivencia+) correspondiente al curso 2016 &#8211; 2017. Dicho reconocimiento se ha hecho patente en un acto que se realiz\u00f3 el d\u00eda 14 de febrero de este a\u00f1o , destacando el car\u00e1cter innovador de las experiencias realizadas en este tema, as\u00ed como la participaci\u00f3n e implicaci\u00f3n de todos los sectores de la comunidad educativa, la coordinaci\u00f3n e intercambio de buenas pr\u00e1cticas educativas en el tema de la convivencia.<\/p>\n<p><img loading=\"lazy\" decoding=\"async\" class=\"size-medium wp-image-1010 aligncenter\" src=\"https:\/\/blogsaverroes.juntadeandalucia.es\/ramonsimonet\/files\/2018\/02\/IMG_20180215_121516-300x225.jpg\" alt=\"\" width=\"300\" height=\"225\" srcset=\"https:\/\/blogsaverroes.juntadeandalucia.es\/ramonsimonet\/files\/2018\/02\/IMG_20180215_121516-300x225.jpg 300w, https:\/\/blogsaverroes.juntadeandalucia.es\/ramonsimonet\/files\/2018\/02\/IMG_20180215_121516-150x113.jpg 150w, https:\/\/blogsaverroes.juntadeandalucia.es\/ramonsimonet\/files\/2018\/02\/IMG_20180215_121516-1024x768.jpg 1024w, https:\/\/blogsaverroes.juntadeandalucia.es\/ramonsimonet\/files\/2018\/02\/IMG_20180215_121516-24x18.jpg 24w, https:\/\/blogsaverroes.juntadeandalucia.es\/ramonsimonet\/files\/2018\/02\/IMG_20180215_121516-36x27.jpg 36w, https:\/\/blogsaverroes.juntadeandalucia.es\/ramonsimonet\/files\/2018\/02\/IMG_20180215_121516-48x36.jpg 48w, https:\/\/blogsaverroes.juntadeandalucia.es\/ramonsimonet\/files\/2018\/02\/IMG_20180215_121516.jpg 1600w\" sizes=\"(max-width: 300px) 100vw, 300px\" \/><\/p>\n<p style=\"text-align: justify\">&nbsp; &nbsp; &nbsp; &nbsp; &nbsp; &nbsp; &nbsp; &nbsp;Muchas gracias a toda la comunidad educativa por el esfuerzo que hace a diario para que alcancemos estos logros, y en especial al nuestro alumnado y profesorado que tanto inter\u00e9s pone en conseguir un clima de convivencia feliz y en paz en nuestro centro. \u00a1Enhorabuena!<\/p>\n<p>Para m\u00e1s informaci\u00f3n picar <a href=\"https:\/\/www.educacionenmalaga.es\/blog\/2018\/02\/15\/educacion-reconoce-el-trabajo-de-los-centros-docentes-malaguenos-en-materia-de-convivencia-escolar\/\">aqu\u00ed<\/a><\/p>\n<h3>Im\u00e1genes Relacionadas:<\/h3>","protected":false},"excerpt":{"rendered":"<p>&nbsp; &nbsp; &nbsp; &nbsp; &nbsp; &nbsp; &nbsp; La Delegaci\u00f3n Territorial de Educaci\u00f3n de M\u00e1laga ha otorgado a nuestro colegio un reconocimiento como Centro Promotor de Convivencia Positiva (Convivencia+) correspondiente al curso 2016 &#8211; 2017.&#46;&#46;&#46;<\/p>\n","protected":false},"author":2028,"featured_media":0,"comment_status":"closed","ping_status":"closed","sticky":false,"template":"","format":"standard","meta":{"ngg_post_thumbnail":0,"footnotes":""},"categories":[289],"tags":[],"aioseo_notices":[],"_links":{"self":[{"href":"https:\/\/blogsaverroes.juntadeandalucia.es\/ramonsimonet\/wp-json\/wp\/v2\/posts\/1009"}],"collection":[{"href":"https:\/\/blogsaverroes.juntadeandalucia.es\/ramonsimonet\/wp-json\/wp\/v2\/posts"}],"about":[{"href":"https:\/\/blogsaverroes.juntadeandalucia.es\/ramonsimonet\/wp-json\/wp\/v2\/types\/post"}],"author":[{"embeddable":true,"href":"https:\/\/blogsaverroes.juntadeandalucia.es\/ramonsimonet\/wp-json\/wp\/v2\/users\/2028"}],"replies":[{"embeddable":true,"href":"https:\/\/blogsaverroes.juntadeandalucia.es\/ramonsimonet\/wp-json\/wp\/v2\/comments?post=1009"}],"version-history":[{"count":2,"href":"https:\/\/blogsaverroes.juntadeandalucia.es\/ramonsimonet\/wp-json\/wp\/v2\/posts\/1009\/revisions"}],"predecessor-version":[{"id":1012,"href":"https:\/\/blogsaverroes.juntadeandalucia.es\/ramonsimonet\/wp-json\/wp\/v2\/posts\/1009\/revisions\/1012"}],"wp:attachment":[{"href":"https:\/\/blogsaverroes.juntadeandalucia.es\/ramonsimonet\/wp-json\/wp\/v2\/media?parent=1009"}],"wp:term":[{"taxonomy":"category","embeddable":true,"href":"https:\/\/blogsaverroes.juntadeandalucia.es\/ramonsimonet\/wp-json\/wp\/v2\/categories?post=1009"},{"taxonomy":"post_tag","embeddable":true,"href":"https:\/\/blogsaverroes.juntadeandalucia.es\/ramonsimonet\/wp-json\/wp\/v2\/tags?post=1009"}],"curies":[{"name":"wp","href":"https:\/\/api.w.org\/{rel}","templated":true}]}}