{"id":1185,"date":"2018-09-05T15:47:15","date_gmt":"2018-09-05T15:47:15","guid":{"rendered":"https:\/\/blogsaverroes.juntadeandalucia.es\/ramonsimonet\/?p=1185"},"modified":"2018-09-05T15:47:15","modified_gmt":"2018-09-05T15:47:15","slug":"inicio-del-curso-2018-2019","status":"publish","type":"post","link":"https:\/\/blogsaverroes.juntadeandalucia.es\/ramonsimonet\/inicio-del-curso-2018-2019\/","title":{"rendered":"Inicio del curso 2018 &#8211; 2019"},"content":{"rendered":"<p style=\"text-align: justify\">Comenzamos el nuevo curso escolar y ante todo queremos dar la bienvenida a toda la comunidad educativa y esperamos que sea un curso pr\u00f3spero y lleno de momentos agradables y divertidos que nos ayuden a crecer curricular y personalmente.<\/p>\n<p>El comienzo de las clases ser\u00e1 <strong>el pr\u00f3ximo d\u00eda 10 de septiembre<\/strong> en el siguiente horario:<\/p>\n<p style=\"padding-left: 120px\">\u2013 2\u00ba, 4\u00ba y 6\u00ba de primaria de 10:00&nbsp; a 14:00 horas.<br \/>\n\u2013 3\u00ba y 5\u00ba de primaria de 10:30 a 14:00 horas.<br \/>\n\u2013 1\u00ba de primaria de 11:00 a 14:00 horas.<br \/>\n\u2013 4 y 5 a\u00f1os de infantil de 12:00 a 14:00 horas.<br \/>\n\u2013 3 a\u00f1os de infantil de 13:00 a 14:00 horas.<\/p>\n<p>Gracias a todos por su confianza y colaboraci\u00f3n.<\/p>\n<p>\u00a1Buen curso para todo y \u00e1nimo!<\/p>\n<h3>Im\u00e1genes Relacionadas:<\/h3>","protected":false},"excerpt":{"rendered":"<p>Comenzamos el nuevo curso escolar y ante todo queremos dar la bienvenida a toda la comunidad educativa y esperamos que sea un curso pr\u00f3spero y lleno de momentos agradables y divertidos que nos ayuden&#46;&#46;&#46;<\/p>\n","protected":false},"author":2028,"featured_media":0,"comment_status":"closed","ping_status":"closed","sticky":false,"template":"","format":"standard","meta":{"ngg_post_thumbnail":0,"footnotes":""},"categories":[289],"tags":[],"aioseo_notices":[],"_links":{"self":[{"href":"https:\/\/blogsaverroes.juntadeandalucia.es\/ramonsimonet\/wp-json\/wp\/v2\/posts\/1185"}],"collection":[{"href":"https:\/\/blogsaverroes.juntadeandalucia.es\/ramonsimonet\/wp-json\/wp\/v2\/posts"}],"about":[{"href":"https:\/\/blogsaverroes.juntadeandalucia.es\/ramonsimonet\/wp-json\/wp\/v2\/types\/post"}],"author":[{"embeddable":true,"href":"https:\/\/blogsaverroes.juntadeandalucia.es\/ramonsimonet\/wp-json\/wp\/v2\/users\/2028"}],"replies":[{"embeddable":true,"href":"https:\/\/blogsaverroes.juntadeandalucia.es\/ramonsimonet\/wp-json\/wp\/v2\/comments?post=1185"}],"version-history":[{"count":3,"href":"https:\/\/blogsaverroes.juntadeandalucia.es\/ramonsimonet\/wp-json\/wp\/v2\/posts\/1185\/revisions"}],"predecessor-version":[{"id":1195,"href":"https:\/\/blogsaverroes.juntadeandalucia.es\/ramonsimonet\/wp-json\/wp\/v2\/posts\/1185\/revisions\/1195"}],"wp:attachment":[{"href":"https:\/\/blogsaverroes.juntadeandalucia.es\/ramonsimonet\/wp-json\/wp\/v2\/media?parent=1185"}],"wp:term":[{"taxonomy":"category","embeddable":true,"href":"https:\/\/blogsaverroes.juntadeandalucia.es\/ramonsimonet\/wp-json\/wp\/v2\/categories?post=1185"},{"taxonomy":"post_tag","embeddable":true,"href":"https:\/\/blogsaverroes.juntadeandalucia.es\/ramonsimonet\/wp-json\/wp\/v2\/tags?post=1185"}],"curies":[{"name":"wp","href":"https:\/\/api.w.org\/{rel}","templated":true}]}}