{"id":1540,"date":"2020-09-04T12:50:22","date_gmt":"2020-09-04T12:50:22","guid":{"rendered":"https:\/\/blogsaverroes.juntadeandalucia.es\/ramonsimonet\/?p=1540"},"modified":"2020-09-04T12:50:22","modified_gmt":"2020-09-04T12:50:22","slug":"inicio-de-curso-2020-2021","status":"publish","type":"post","link":"https:\/\/blogsaverroes.juntadeandalucia.es\/ramonsimonet\/inicio-de-curso-2020-2021\/","title":{"rendered":"INICIO DE CURSO 2020\/2021"},"content":{"rendered":"<p>CEIP RAM\u00d3N SIMONET&nbsp; &nbsp; (M\u00c1LAGA)<\/p>\n<p>Mensaje colectivo a las familias con motivo del inicio de curso<\/p>\n<p>&nbsp;<\/p>\n<p>Estimadas familias:<\/p>\n<p>Bienvenidos a un nuevo curso, &nbsp;2020-2021<\/p>\n<p>Les recordamos que el d\u00eda 10 de septiembre, jueves, es el primer d\u00eda lectivo del curso. El curso comienza de forma presencial para el alumnado de infantil y primaria, seg\u00fan instrucciones de la Junta de Andaluc\u00eda.<\/p>\n<p>Estamos trabajando en la preparaci\u00f3n de este comienzo de curso tan singular. Les informamos que en breve el\/la tutor\/a de su hijo\/a se pondr\u00e1 en contacto con ustedes para informarles en una reuni\u00f3n no presencial (lunes 7 o mi\u00e9rcoles 9, dependiendo de cada tutor\/a), es decir, telem\u00e1tica, de las normas para el inicio de curso.<\/p>\n<p>Por favor, esperen a ser convocados.<\/p>\n<p>Reciban un cordial saludo, esperando que todos se encuentren bien.<\/p>\n<p>&nbsp;&nbsp;&nbsp;&nbsp;&nbsp;&nbsp;&nbsp;&nbsp;&nbsp;&nbsp;&nbsp;&nbsp;&nbsp;&nbsp;&nbsp;&nbsp;&nbsp;&nbsp;&nbsp;&nbsp;&nbsp;&nbsp;&nbsp;&nbsp;&nbsp;&nbsp;&nbsp;&nbsp;&nbsp;&nbsp;&nbsp;&nbsp;&nbsp;&nbsp;&nbsp;&nbsp;&nbsp;&nbsp;&nbsp;&nbsp;&nbsp;&nbsp;&nbsp;&nbsp;&nbsp;&nbsp;&nbsp;&nbsp;&nbsp;&nbsp;&nbsp;&nbsp;&nbsp;&nbsp;&nbsp;&nbsp;&nbsp;&nbsp;&nbsp;&nbsp;&nbsp;&nbsp;&nbsp;&nbsp;&nbsp;&nbsp;&nbsp;&nbsp;&nbsp;&nbsp;&nbsp;&nbsp;&nbsp;&nbsp;&nbsp; El Equipo Directivo<\/p>\n<h3>Im\u00e1genes Relacionadas:<\/h3>","protected":false},"excerpt":{"rendered":"<p>CEIP RAM\u00d3N SIMONET&nbsp; &nbsp; (M\u00c1LAGA) Mensaje colectivo a las familias con motivo del inicio de curso &nbsp; Estimadas familias: Bienvenidos a un nuevo curso, &nbsp;2020-2021 Les recordamos que el d\u00eda 10 de septiembre, jueves,&#46;&#46;&#46;<\/p>\n","protected":false},"author":2028,"featured_media":0,"comment_status":"closed","ping_status":"closed","sticky":false,"template":"","format":"standard","meta":{"ngg_post_thumbnail":0,"footnotes":""},"categories":[289],"tags":[],"aioseo_notices":[],"_links":{"self":[{"href":"https:\/\/blogsaverroes.juntadeandalucia.es\/ramonsimonet\/wp-json\/wp\/v2\/posts\/1540"}],"collection":[{"href":"https:\/\/blogsaverroes.juntadeandalucia.es\/ramonsimonet\/wp-json\/wp\/v2\/posts"}],"about":[{"href":"https:\/\/blogsaverroes.juntadeandalucia.es\/ramonsimonet\/wp-json\/wp\/v2\/types\/post"}],"author":[{"embeddable":true,"href":"https:\/\/blogsaverroes.juntadeandalucia.es\/ramonsimonet\/wp-json\/wp\/v2\/users\/2028"}],"replies":[{"embeddable":true,"href":"https:\/\/blogsaverroes.juntadeandalucia.es\/ramonsimonet\/wp-json\/wp\/v2\/comments?post=1540"}],"version-history":[{"count":1,"href":"https:\/\/blogsaverroes.juntadeandalucia.es\/ramonsimonet\/wp-json\/wp\/v2\/posts\/1540\/revisions"}],"predecessor-version":[{"id":1541,"href":"https:\/\/blogsaverroes.juntadeandalucia.es\/ramonsimonet\/wp-json\/wp\/v2\/posts\/1540\/revisions\/1541"}],"wp:attachment":[{"href":"https:\/\/blogsaverroes.juntadeandalucia.es\/ramonsimonet\/wp-json\/wp\/v2\/media?parent=1540"}],"wp:term":[{"taxonomy":"category","embeddable":true,"href":"https:\/\/blogsaverroes.juntadeandalucia.es\/ramonsimonet\/wp-json\/wp\/v2\/categories?post=1540"},{"taxonomy":"post_tag","embeddable":true,"href":"https:\/\/blogsaverroes.juntadeandalucia.es\/ramonsimonet\/wp-json\/wp\/v2\/tags?post=1540"}],"curies":[{"name":"wp","href":"https:\/\/api.w.org\/{rel}","templated":true}]}}