{"id":1569,"date":"2020-09-30T09:16:20","date_gmt":"2020-09-30T09:16:20","guid":{"rendered":"https:\/\/blogsaverroes.juntadeandalucia.es\/ramonsimonet\/?p=1569"},"modified":"2020-09-30T09:18:38","modified_gmt":"2020-09-30T09:18:38","slug":"elecciones-consejo-escolar-2020-2021","status":"publish","type":"post","link":"https:\/\/blogsaverroes.juntadeandalucia.es\/ramonsimonet\/elecciones-consejo-escolar-2020-2021\/","title":{"rendered":"ELECCIONES CONSEJO ESCOLAR 2020\/2021"},"content":{"rendered":"<p>En el tabl\u00f3n de anuncios del centro se encuentra expuesto el Censo de padres\/madres de alumnos\/as de nuestro centro para las elecciones de representantes en el Consejo Escolar.<br \/>\nPueden consultarlo pidiendo cita previa, llamando al tel\u00e9fono del colegio 951 298 636 (horario de atenci\u00f3n telef\u00f3nica, de 9 a 14 horas, horario de secretar\u00eda con cita previa de 12,30 a 13,30 horas)<\/p>\n<p><a title=\"Fecha de sorteo 1 octubre 2020\" href=\"https:\/\/drive.google.com\/file\/d\/1tSIag1bLbnM7uBXlLndvDW594zbgrbCG\/view?usp=sharing\">https:\/\/drive.google.com\/file\/d\/1tSIag1bLbnM7uBXlLndvDW594zbgrbCG\/view?usp=sharing<\/a><\/p>\n<h3>Im\u00e1genes Relacionadas:<\/h3>","protected":false},"excerpt":{"rendered":"<p>En el tabl\u00f3n de anuncios del centro se encuentra expuesto el Censo de padres\/madres de alumnos\/as de nuestro centro para las elecciones de representantes en el Consejo Escolar. Pueden consultarlo pidiendo cita previa, llamando&#46;&#46;&#46;<\/p>\n","protected":false},"author":2028,"featured_media":0,"comment_status":"closed","ping_status":"closed","sticky":false,"template":"","format":"standard","meta":{"ngg_post_thumbnail":0,"footnotes":""},"categories":[289],"tags":[],"aioseo_notices":[],"_links":{"self":[{"href":"https:\/\/blogsaverroes.juntadeandalucia.es\/ramonsimonet\/wp-json\/wp\/v2\/posts\/1569"}],"collection":[{"href":"https:\/\/blogsaverroes.juntadeandalucia.es\/ramonsimonet\/wp-json\/wp\/v2\/posts"}],"about":[{"href":"https:\/\/blogsaverroes.juntadeandalucia.es\/ramonsimonet\/wp-json\/wp\/v2\/types\/post"}],"author":[{"embeddable":true,"href":"https:\/\/blogsaverroes.juntadeandalucia.es\/ramonsimonet\/wp-json\/wp\/v2\/users\/2028"}],"replies":[{"embeddable":true,"href":"https:\/\/blogsaverroes.juntadeandalucia.es\/ramonsimonet\/wp-json\/wp\/v2\/comments?post=1569"}],"version-history":[{"count":2,"href":"https:\/\/blogsaverroes.juntadeandalucia.es\/ramonsimonet\/wp-json\/wp\/v2\/posts\/1569\/revisions"}],"predecessor-version":[{"id":1571,"href":"https:\/\/blogsaverroes.juntadeandalucia.es\/ramonsimonet\/wp-json\/wp\/v2\/posts\/1569\/revisions\/1571"}],"wp:attachment":[{"href":"https:\/\/blogsaverroes.juntadeandalucia.es\/ramonsimonet\/wp-json\/wp\/v2\/media?parent=1569"}],"wp:term":[{"taxonomy":"category","embeddable":true,"href":"https:\/\/blogsaverroes.juntadeandalucia.es\/ramonsimonet\/wp-json\/wp\/v2\/categories?post=1569"},{"taxonomy":"post_tag","embeddable":true,"href":"https:\/\/blogsaverroes.juntadeandalucia.es\/ramonsimonet\/wp-json\/wp\/v2\/tags?post=1569"}],"curies":[{"name":"wp","href":"https:\/\/api.w.org\/{rel}","templated":true}]}}