{"id":1576,"date":"2020-10-07T10:46:22","date_gmt":"2020-10-07T10:46:22","guid":{"rendered":"https:\/\/blogsaverroes.juntadeandalucia.es\/ramonsimonet\/?p=1576"},"modified":"2020-10-07T10:47:03","modified_gmt":"2020-10-07T10:47:03","slug":"circular-7-octubre-2020","status":"publish","type":"post","link":"https:\/\/blogsaverroes.juntadeandalucia.es\/ramonsimonet\/circular-7-octubre-2020\/","title":{"rendered":"CIRCULAR 7 OCTUBRE 2020"},"content":{"rendered":"<p>Estimadas familias:<\/p>\n<p>En la p\u00e1gina del centro se ha publicado el documento que recoge las nuevas instrucciones que se nos han hecho llegar al colegio a trav\u00e9s de la plataforma S\u00e9neca, sobre el que se estaba terminando un comunicado a modo de resumen, pero ante el estado de alarma que se nos hecho llegar les remitimos a dicho documento.<\/p>\n<p>S\u00f3lo queremos dejarles claro que corresponden al centro de salud las decisiones respecto al protocolo a seguir en caso de darse un positivo, ya que en el Colegio no hay ning\u00fan sanitario. En estas decisiones tienen en consideraci\u00f3n m\u00faltiples circunstancias como fechas de los \u00faltimos contactos posibles, ubicaci\u00f3n en el aula, hermanos\/as, asistencia o no a servicios complementarios o extraescolares, etc. Con estos datos, es el centro de salud el que determina en qu\u00e9 casos es necesario realizar pruebas PCR y es el centro de salud el que informa y se pone en contacto con los afectados\/as, por ello, a nosotros s\u00f3lo nos pide la colaboraci\u00f3n de llamar a las familias para que vengan a recoger a su hijo\/a cuando es en horario escolar. Y nosotros les comunicamos aquellos casos <strong>sospechosos<\/strong>, no confirmados, que podamos detectar a lo largo de la ma\u00f1ana. Tambi\u00e9n son las autoridades sanitarias, suponemos que a trav\u00e9s del Centro de Salud las que determinan si hay que poner a un grupo en cuarentena o no. Por tanto, las decisiones puede que no sean las mismas seg\u00fan los casos.<\/p>\n<p>Al Colegio s\u00ed nos han dicho que por la Ley de Protecci\u00f3n de Datos no nos pueden dar a nosotros informaci\u00f3n sobre los resultados, que debemos confiar en el sentido com\u00fan y en el buen hacer de las familias, y si traen a sus hijos\/as al Centro ser\u00e1 porque ellos as\u00ed se lo han transmitido. Si ellos que tienen la competencia en este sentido no pueden darnos esa informaci\u00f3n por Protecci\u00f3n, entender\u00e1n que nosotros no podamos hacerlo tampoco. Y eso es una cuesti\u00f3n de obligado cumplimiento, nos guste o no; la normativa sigue vigente y unas instrucciones no pueden contradecir a una Ley o Decreto que a\u00fan sigue vigente y que hay que aplicar.<\/p>\n<p>Como todos los a\u00f1os, les insistimos en que no env\u00eden a sus hijos\/as en caso de encontrarse enfermos o con s\u00edntomas, por tanto este a\u00f1o se hace a\u00fan m\u00e1s necesario.<\/p>\n<p>Un cordial saludo, muchas gracias por su colaboraci\u00f3n.<\/p>\n<p>&nbsp;&nbsp;&nbsp;&nbsp;&nbsp;&nbsp;&nbsp;&nbsp;&nbsp;&nbsp;&nbsp;&nbsp;&nbsp;&nbsp;&nbsp;&nbsp;&nbsp;&nbsp;&nbsp;&nbsp;&nbsp;&nbsp;&nbsp;&nbsp;&nbsp;&nbsp;&nbsp;&nbsp;&nbsp;&nbsp;&nbsp;&nbsp;&nbsp;&nbsp;&nbsp;&nbsp;&nbsp;&nbsp;&nbsp;&nbsp;&nbsp;&nbsp;&nbsp;&nbsp;&nbsp;&nbsp;&nbsp;&nbsp;&nbsp;&nbsp;&nbsp;&nbsp;&nbsp;&nbsp;&nbsp;&nbsp;&nbsp;&nbsp;&nbsp;&nbsp;&nbsp;&nbsp;&nbsp;&nbsp;&nbsp; EL EQUIPO DIRECTIVO<\/p>\n<p><a title=\"Clic en el enlace para acceder al Protocolo\" href=\"https:\/\/drive.google.com\/file\/d\/1W4uIOFtyeLshlK4_d2vX_XGXSc_NvEY1\/view?usp=sharing\">Clic en el enlace para acceder al Protocolo<\/a><\/p>\n<h3>Im\u00e1genes Relacionadas:<\/h3>","protected":false},"excerpt":{"rendered":"<p>Estimadas familias: En la p\u00e1gina del centro se ha publicado el documento que recoge las nuevas instrucciones que se nos han hecho llegar al colegio a trav\u00e9s de la plataforma S\u00e9neca, sobre el que&#46;&#46;&#46;<\/p>\n","protected":false},"author":2028,"featured_media":0,"comment_status":"closed","ping_status":"closed","sticky":false,"template":"","format":"standard","meta":{"ngg_post_thumbnail":0,"footnotes":""},"categories":[289],"tags":[],"aioseo_notices":[],"_links":{"self":[{"href":"https:\/\/blogsaverroes.juntadeandalucia.es\/ramonsimonet\/wp-json\/wp\/v2\/posts\/1576"}],"collection":[{"href":"https:\/\/blogsaverroes.juntadeandalucia.es\/ramonsimonet\/wp-json\/wp\/v2\/posts"}],"about":[{"href":"https:\/\/blogsaverroes.juntadeandalucia.es\/ramonsimonet\/wp-json\/wp\/v2\/types\/post"}],"author":[{"embeddable":true,"href":"https:\/\/blogsaverroes.juntadeandalucia.es\/ramonsimonet\/wp-json\/wp\/v2\/users\/2028"}],"replies":[{"embeddable":true,"href":"https:\/\/blogsaverroes.juntadeandalucia.es\/ramonsimonet\/wp-json\/wp\/v2\/comments?post=1576"}],"version-history":[{"count":2,"href":"https:\/\/blogsaverroes.juntadeandalucia.es\/ramonsimonet\/wp-json\/wp\/v2\/posts\/1576\/revisions"}],"predecessor-version":[{"id":1578,"href":"https:\/\/blogsaverroes.juntadeandalucia.es\/ramonsimonet\/wp-json\/wp\/v2\/posts\/1576\/revisions\/1578"}],"wp:attachment":[{"href":"https:\/\/blogsaverroes.juntadeandalucia.es\/ramonsimonet\/wp-json\/wp\/v2\/media?parent=1576"}],"wp:term":[{"taxonomy":"category","embeddable":true,"href":"https:\/\/blogsaverroes.juntadeandalucia.es\/ramonsimonet\/wp-json\/wp\/v2\/categories?post=1576"},{"taxonomy":"post_tag","embeddable":true,"href":"https:\/\/blogsaverroes.juntadeandalucia.es\/ramonsimonet\/wp-json\/wp\/v2\/tags?post=1576"}],"curies":[{"name":"wp","href":"https:\/\/api.w.org\/{rel}","templated":true}]}}