{"id":1674,"date":"2021-03-23T09:44:19","date_gmt":"2021-03-23T09:44:19","guid":{"rendered":"https:\/\/blogsaverroes.juntadeandalucia.es\/ramonsimonet\/?p=1674"},"modified":"2021-03-23T09:44:19","modified_gmt":"2021-03-23T09:44:19","slug":"circular-fin-del-segundo-trimestre-2020-2021","status":"publish","type":"post","link":"https:\/\/blogsaverroes.juntadeandalucia.es\/ramonsimonet\/circular-fin-del-segundo-trimestre-2020-2021\/","title":{"rendered":"CIRCULAR FIN DEL SEGUNDO TRIMESTRE 2020-2021"},"content":{"rendered":"<p>CEIP RAM\u00d3N SIMONET. M\u00c1LAGA.&nbsp; &nbsp; ramon@ceipsimonet.es &nbsp;951298636<\/p>\n<p>CIRCULAR FIN DEL SEGUNDO TRIMESTRE 2020-2021<\/p>\n<p>Estimadas familias:<\/p>\n<p>Esperamos que est\u00e9n todos bien.<\/p>\n<p>Os informamos que el viernes, 26 de marzo, es el \u00faltimo d\u00eda lectivo del segundo trimestre. Seg\u00fan el calendario escolar, la vuelta a clase tras las vacaciones de Semana Santa ser\u00e1 el martes, 6 de abril de 2021<\/p>\n<p>El 26 de marzo las familias del centro podr\u00e1n descargar los boletines de notas correspondientes al segundo trimestre. Se har\u00e1 usando la plataforma PASEN de la Consejer\u00eda de Educaci\u00f3n (en el punto de recogida que hay dentro de pasen) &nbsp;Para poder recibir las notas, pueden descargarse e instalar en sus tel\u00e9fonos m\u00f3viles la aplicaci\u00f3n iPasen. Para ello hay que seguir unos pasos que pueden consultar el siguiente video tutorial (buscar en YouTube \u00abAutologin o autorregistro en iPasen\u00bb).<\/p>\n<p>Si alguna familia no recibe las notas, porque no pueda recibirla por pasen, no se preocupen. Deber\u00e1n contactar con el tutor\/a por el procedimiento habitual que tenga establecida cada clase, y el tutor\/a les har\u00e1 llegar el bolet\u00edn de notas por email, de forma privada, debido a los datos confidenciales del bolet\u00edn.<\/p>\n<p>Esperamos que pasen unas felices vacaciones.<\/p>\n<p>Saludos. El equipo directivo<\/p>\n<h3>Im\u00e1genes Relacionadas:<\/h3>","protected":false},"excerpt":{"rendered":"<p>CEIP RAM\u00d3N SIMONET. M\u00c1LAGA.&nbsp; &nbsp; ramon@ceipsimonet.es &nbsp;951298636 CIRCULAR FIN DEL SEGUNDO TRIMESTRE 2020-2021 Estimadas familias: Esperamos que est\u00e9n todos bien. Os informamos que el viernes, 26 de marzo, es el \u00faltimo d\u00eda lectivo del&#46;&#46;&#46;<\/p>\n","protected":false},"author":2028,"featured_media":0,"comment_status":"closed","ping_status":"closed","sticky":false,"template":"","format":"standard","meta":{"ngg_post_thumbnail":0,"footnotes":""},"categories":[289],"tags":[],"aioseo_notices":[],"_links":{"self":[{"href":"https:\/\/blogsaverroes.juntadeandalucia.es\/ramonsimonet\/wp-json\/wp\/v2\/posts\/1674"}],"collection":[{"href":"https:\/\/blogsaverroes.juntadeandalucia.es\/ramonsimonet\/wp-json\/wp\/v2\/posts"}],"about":[{"href":"https:\/\/blogsaverroes.juntadeandalucia.es\/ramonsimonet\/wp-json\/wp\/v2\/types\/post"}],"author":[{"embeddable":true,"href":"https:\/\/blogsaverroes.juntadeandalucia.es\/ramonsimonet\/wp-json\/wp\/v2\/users\/2028"}],"replies":[{"embeddable":true,"href":"https:\/\/blogsaverroes.juntadeandalucia.es\/ramonsimonet\/wp-json\/wp\/v2\/comments?post=1674"}],"version-history":[{"count":1,"href":"https:\/\/blogsaverroes.juntadeandalucia.es\/ramonsimonet\/wp-json\/wp\/v2\/posts\/1674\/revisions"}],"predecessor-version":[{"id":1675,"href":"https:\/\/blogsaverroes.juntadeandalucia.es\/ramonsimonet\/wp-json\/wp\/v2\/posts\/1674\/revisions\/1675"}],"wp:attachment":[{"href":"https:\/\/blogsaverroes.juntadeandalucia.es\/ramonsimonet\/wp-json\/wp\/v2\/media?parent=1674"}],"wp:term":[{"taxonomy":"category","embeddable":true,"href":"https:\/\/blogsaverroes.juntadeandalucia.es\/ramonsimonet\/wp-json\/wp\/v2\/categories?post=1674"},{"taxonomy":"post_tag","embeddable":true,"href":"https:\/\/blogsaverroes.juntadeandalucia.es\/ramonsimonet\/wp-json\/wp\/v2\/tags?post=1674"}],"curies":[{"name":"wp","href":"https:\/\/api.w.org\/{rel}","templated":true}]}}