{"id":1728,"date":"2021-06-18T10:41:19","date_gmt":"2021-06-18T10:41:19","guid":{"rendered":"https:\/\/blogsaverroes.juntadeandalucia.es\/ramonsimonet\/?p=1728"},"modified":"2021-06-18T11:07:55","modified_gmt":"2021-06-18T11:07:55","slug":"lista-provisional-de-servicios-complementarios-visible-hasta-el-24-de-junio","status":"publish","type":"post","link":"https:\/\/blogsaverroes.juntadeandalucia.es\/ramonsimonet\/lista-provisional-de-servicios-complementarios-visible-hasta-el-24-de-junio\/","title":{"rendered":"Lista provisional de servicios complementarios visible hasta el 24 de junio"},"content":{"rendered":"<p style=\"text-align: center\" align=\"center\"><span style=\"font-size: 12pt\">LISTADO PROVISIONAL DE ADMITIDOS\/AS Y SUPLENTES<\/span><\/p>\n<p style=\"text-align: center\" align=\"center\"><span style=\"font-size: 12pt\">DE LOS SERVICIOS COMPLEMENTARIOS PARA EL CURSO 2021\/2022&nbsp;<\/span><\/p>\n<p><span style=\"font-size: 12pt\">El 15 de junio se public\u00f3 la lista provisional de admitidos\/as y suplentes en los servicios complementarios para el curso 2021\/2022<\/span><\/p>\n<p><span style=\"font-size: 12pt\"><u>La consulta estar\u00e1 visible on line hasta el d\u00eda 24 de junio<\/u>. Es importante que comprueben la lista definitiva que se publicar\u00e1 el 30 de junio, ya que puede haber cambios respecto del listado provisional del 15 de junio)<\/span><\/p>\n<p><span style=\"font-size: 12pt\">Ruta para consultar on line: buscar en google \u201cSecretar\u00eda virtual de los centros docentes de la Junta de Andaluc\u00eda\u201d. Luego clic en Consultas. Luego clic en servicios<\/span><\/p>\n<p style=\"text-align: center\" align=\"center\"><span style=\"font-size: 12pt\">LISTADO PROVISIONAL DE ADMITIDOS\/AS Y SUPLENTES<\/span><\/p>\n<p style=\"text-align: center\" align=\"center\"><span style=\"font-size: 12pt\">DE LOS SERVICIOS COMPLEMENTARIOS PARA EL CURSO 2021\/2022&nbsp;<\/span><\/p>\n<p><span style=\"font-size: 12pt\">El 15 de junio se public\u00f3 la lista provisional de admitidos\/as y suplentes en los servicios complementarios para el curso 2021\/2022<\/span><\/p>\n<p><span style=\"font-size: 12pt\"><u>La consulta estar\u00e1 visible on line hasta el d\u00eda 24 de junio<\/u>. Es importante que comprueben la lista definitiva que se publicar\u00e1 el 30 de junio, ya que puede haber cambios respecto del listado provisional del 15 de junio)<\/span><\/p>\n<p><span style=\"font-size: 12pt\">Ruta para consultar on line: buscar en google \u201cSecretar\u00eda virtual de los centros docentes de la Junta de Andaluc\u00eda\u201d. Luego clic en Consultas. Luego clic en servicios complementarios. Clic en \u201cConsulta provisional de la solicitud de servicios complementarios. R\u00e9gimen general\u201d. Se llega a una pantalla que pide contrase\u00f1a para acceder. <\/span><\/p>\n<p><span style=\"font-size: 12pt\">Plazo de reclamaciones al centro: del 16 al 29 de junio, ambos inclusive. <\/span><\/p>\n<p><span style=\"font-size: 12pt\">Se recuerda que las bonificaciones en el precio de los servicios complementarios se solicitan del 1 al 7 de septiembre. <\/span><\/p>\n<p><span style=\"font-size: 12pt\">M\u00e1s informaci\u00f3n en CEIP Ram\u00f3n Simonet (951 298 636 ramon@ceipsimonet.es y p\u00e1gina web del colegio)<\/span><\/p>\n<h3>Im\u00e1genes Relacionadas:<\/h3>","protected":false},"excerpt":{"rendered":"<p>LISTADO PROVISIONAL DE ADMITIDOS\/AS Y SUPLENTES DE LOS SERVICIOS COMPLEMENTARIOS PARA EL CURSO 2021\/2022&nbsp; El 15 de junio se public\u00f3 la lista provisional de admitidos\/as y suplentes en los servicios complementarios para el curso&#46;&#46;&#46;<\/p>\n","protected":false},"author":2028,"featured_media":0,"comment_status":"closed","ping_status":"closed","sticky":false,"template":"","format":"standard","meta":{"ngg_post_thumbnail":0,"footnotes":""},"categories":[289],"tags":[],"aioseo_notices":[],"_links":{"self":[{"href":"https:\/\/blogsaverroes.juntadeandalucia.es\/ramonsimonet\/wp-json\/wp\/v2\/posts\/1728"}],"collection":[{"href":"https:\/\/blogsaverroes.juntadeandalucia.es\/ramonsimonet\/wp-json\/wp\/v2\/posts"}],"about":[{"href":"https:\/\/blogsaverroes.juntadeandalucia.es\/ramonsimonet\/wp-json\/wp\/v2\/types\/post"}],"author":[{"embeddable":true,"href":"https:\/\/blogsaverroes.juntadeandalucia.es\/ramonsimonet\/wp-json\/wp\/v2\/users\/2028"}],"replies":[{"embeddable":true,"href":"https:\/\/blogsaverroes.juntadeandalucia.es\/ramonsimonet\/wp-json\/wp\/v2\/comments?post=1728"}],"version-history":[{"count":4,"href":"https:\/\/blogsaverroes.juntadeandalucia.es\/ramonsimonet\/wp-json\/wp\/v2\/posts\/1728\/revisions"}],"predecessor-version":[{"id":1732,"href":"https:\/\/blogsaverroes.juntadeandalucia.es\/ramonsimonet\/wp-json\/wp\/v2\/posts\/1728\/revisions\/1732"}],"wp:attachment":[{"href":"https:\/\/blogsaverroes.juntadeandalucia.es\/ramonsimonet\/wp-json\/wp\/v2\/media?parent=1728"}],"wp:term":[{"taxonomy":"category","embeddable":true,"href":"https:\/\/blogsaverroes.juntadeandalucia.es\/ramonsimonet\/wp-json\/wp\/v2\/categories?post=1728"},{"taxonomy":"post_tag","embeddable":true,"href":"https:\/\/blogsaverroes.juntadeandalucia.es\/ramonsimonet\/wp-json\/wp\/v2\/tags?post=1728"}],"curies":[{"name":"wp","href":"https:\/\/api.w.org\/{rel}","templated":true}]}}