{"id":1737,"date":"2021-06-27T11:47:36","date_gmt":"2021-06-27T11:47:36","guid":{"rendered":"https:\/\/blogsaverroes.juntadeandalucia.es\/ramonsimonet\/?p=1737"},"modified":"2021-06-27T11:49:03","modified_gmt":"2021-06-27T11:49:03","slug":"servicios-complementarios-el-29-junio-acaba-plazo-reclamaciones","status":"publish","type":"post","link":"https:\/\/blogsaverroes.juntadeandalucia.es\/ramonsimonet\/servicios-complementarios-el-29-junio-acaba-plazo-reclamaciones\/","title":{"rendered":"SERVICIOS COMPLEMENTARIOS. EL 29 JUNIO ACABA PLAZO RECLAMACIONES."},"content":{"rendered":"<p>LISTADO DEFINITIVO DE ADMITIDOS\/AS&nbsp; Y SUPLENTES DE LOS SERVICIOS COMPLEMENTARIOS PARA EL CURSO 2021\/2022. SE PUBLICAR\u00c1 EL 30 DE JUNIO DE 2021<\/p>\n<p><span data-tt=\"{&quot;paragraphStyle&quot;:{&quot;alignment&quot;:4,&quot;writingDirection&quot;:1}}\">El plazo de reclamaciones al listado provisional es del 16 al 29 de junio, tal como se avis\u00f3 en una nota anterior. Importante: Acabar\u00e1 el 29 de junio a las 13:00 horas. Despu\u00e9s de esa hora no se aceptar\u00e1n reclamaciones ni presencialmente ni por email, ya que la Junta de Andaluc\u00eda cierra el programa, para luego proceder el 30 de junio a lanzar la adjudicaci\u00f3n definitiva. <\/span><\/p>\n<p><span data-tt=\"{&quot;paragraphStyle&quot;:{&quot;alignment&quot;:4,&quot;writingDirection&quot;:1}}\">Informaci\u00f3n de la Consejer\u00eda de Educaci\u00f3n: <\/span>&nbsp;&nbsp;\u201cContra la resoluci\u00f3n definitiva, las personas interesadas podr\u00e1n interponer recurso de alzada ante la persona titular de la correspondiente Delegaci\u00f3n Territorial competente en materia de educaci\u00f3n, de conformidad con lo dispuesto en los art\u00edculos 112.1, 121 y 122 de la Ley 39\/2015, de 1 de Octubre, y en el art\u00edculo 115.1 de la Ley 9\/2007, de 22 de Octubre. \u201c<\/p>\n<p>Ruta para consultar on line el 30 de junio: buscar en google \u201cSecretar\u00eda virtual de los centros docentes de la Junta de Andaluc\u00eda\u201d. Luego clic en Consultas. Luego clic en servicios complementarios. Clic en \u201cConsulta de la solicitud de servicios complementarios. &nbsp;Regimen general\u201d. &nbsp;Se llega a una pantalla que pide contrase\u00f1a para acceder.<\/p>\n<p>Se recuerda que el alumnado admitido podr\u00e1 solicitar bonificaci\u00f3n en el precio de los servicios complementarios del 1 al 7 de septiembre.<\/p>\n<p><span data-tt=\"{&quot;paragraphStyle&quot;:{&quot;alignment&quot;:4,&quot;writingDirection&quot;:1}}\">M\u00e1s informaci\u00f3n en CEIP Ram\u00f3n Simonet (951 298 636 &nbsp;ramon@ceipsimonet.es) y p\u00e1gina web del colegio.<\/span><\/p>\n<h3>Im\u00e1genes Relacionadas:<\/h3>","protected":false},"excerpt":{"rendered":"<p>LISTADO DEFINITIVO DE ADMITIDOS\/AS&nbsp; Y SUPLENTES DE LOS SERVICIOS COMPLEMENTARIOS PARA EL CURSO 2021\/2022. SE PUBLICAR\u00c1 EL 30 DE JUNIO DE 2021 El plazo de reclamaciones al listado provisional es del 16 al 29&#46;&#46;&#46;<\/p>\n","protected":false},"author":2028,"featured_media":0,"comment_status":"closed","ping_status":"closed","sticky":false,"template":"","format":"standard","meta":{"ngg_post_thumbnail":0,"footnotes":""},"categories":[289],"tags":[],"aioseo_notices":[],"_links":{"self":[{"href":"https:\/\/blogsaverroes.juntadeandalucia.es\/ramonsimonet\/wp-json\/wp\/v2\/posts\/1737"}],"collection":[{"href":"https:\/\/blogsaverroes.juntadeandalucia.es\/ramonsimonet\/wp-json\/wp\/v2\/posts"}],"about":[{"href":"https:\/\/blogsaverroes.juntadeandalucia.es\/ramonsimonet\/wp-json\/wp\/v2\/types\/post"}],"author":[{"embeddable":true,"href":"https:\/\/blogsaverroes.juntadeandalucia.es\/ramonsimonet\/wp-json\/wp\/v2\/users\/2028"}],"replies":[{"embeddable":true,"href":"https:\/\/blogsaverroes.juntadeandalucia.es\/ramonsimonet\/wp-json\/wp\/v2\/comments?post=1737"}],"version-history":[{"count":2,"href":"https:\/\/blogsaverroes.juntadeandalucia.es\/ramonsimonet\/wp-json\/wp\/v2\/posts\/1737\/revisions"}],"predecessor-version":[{"id":1739,"href":"https:\/\/blogsaverroes.juntadeandalucia.es\/ramonsimonet\/wp-json\/wp\/v2\/posts\/1737\/revisions\/1739"}],"wp:attachment":[{"href":"https:\/\/blogsaverroes.juntadeandalucia.es\/ramonsimonet\/wp-json\/wp\/v2\/media?parent=1737"}],"wp:term":[{"taxonomy":"category","embeddable":true,"href":"https:\/\/blogsaverroes.juntadeandalucia.es\/ramonsimonet\/wp-json\/wp\/v2\/categories?post=1737"},{"taxonomy":"post_tag","embeddable":true,"href":"https:\/\/blogsaverroes.juntadeandalucia.es\/ramonsimonet\/wp-json\/wp\/v2\/tags?post=1737"}],"curies":[{"name":"wp","href":"https:\/\/api.w.org\/{rel}","templated":true}]}}