{"id":1742,"date":"2021-06-29T09:53:53","date_gmt":"2021-06-29T09:53:53","guid":{"rendered":"https:\/\/blogsaverroes.juntadeandalucia.es\/ramonsimonet\/?p=1742"},"modified":"2021-06-29T09:53:53","modified_gmt":"2021-06-29T09:53:53","slug":"dibuja-tu-orgullo-lgtbi","status":"publish","type":"post","link":"https:\/\/blogsaverroes.juntadeandalucia.es\/ramonsimonet\/dibuja-tu-orgullo-lgtbi\/","title":{"rendered":"DIBUJA TU ORGULLO LGTBI+"},"content":{"rendered":"<p class=\"western\" style=\"text-align: justify\" align=\"left\"><span style=\"color: #000000\">&nbsp;&nbsp;&nbsp;&nbsp;&nbsp;&nbsp;&nbsp;&nbsp; Ayer, 28 de junio, se celebr\u00f3 el d\u00eda del orgullo LGTBI+. Con motivo de esta efem\u00e9ride, desde el \u00e1rea de igualdad impulsaron hace un par de semanas un concurso de dibujo relacionado con el \u00e1mbito LGTBI+. Fueron muchos los<\/span><span style=\"color: #000000\">\/as alumnos<\/span><u><\/u><span style=\"color: #000000\">\/as del centro que participaron en el mismo, pero solamente una alumna, Ana Ayala Azuaga de 6\u00baD, fue premiada. Es un aut\u00e9ntico orgullo para el centro contar con una artista como Ana, capaz de mostrar en su dibujo muchos de los aspectos vinculados directamente con el colectivo. Hay que sentirse orgulloso\/a de este premio, pues \u00fanicamente 5 centros escolares de todos los existentes en M\u00e1laga y su provincia fueron galardonados. <\/span><\/p>\n<p class=\"western\" style=\"text-align: justify\" align=\"left\"><span style=\"color: #000000\">El acto de entrega de premios fue realmente emotivo. Tuvo lugar en el centro cultural de La T\u00e9rmica y cont\u00f3 con la presencia de algunos de los miembros del jurado. \u00a1Acudi\u00f3 hasta un diputado! (Ya m\u00e1s no se puede pedir). Ana se mostr\u00f3 muy feliz al ser premiada, pero lo que m\u00e1s ilusi\u00f3n le hizo fue ver que su dibujo fue mostrado en p\u00fablico y que todos\/as sus compa\u00f1eros\/as le aplaudieron con fervor. <\/span><\/p>\n<p class=\"western\" align=\"center\"><span style=\"color: #000080\"><span lang=\"zxx\"><span style=\"color: #000000\">TODOS<\/span><\/span><\/span><span style=\"color: #000000\">\/AS ESTAMOS ORGULLOSOS<\/span><span style=\"color: #000000\">\/AS DE T\u00cd, ANA<\/span><\/p>\n<p class=\"western\" align=\"right\">El coordinador de igualdad: D. Santiago Garc\u00eda Cueto<\/p>\n<p style=\"text-align: center\" align=\"right\"><img loading=\"lazy\" decoding=\"async\" class=\"aligncenter  wp-image-1744\" src=\"https:\/\/blogsaverroes.juntadeandalucia.es\/ramonsimonet\/files\/2021\/06\/lgtbi-214x300.jpg\" alt=\"\" width=\"245\" height=\"343\" srcset=\"https:\/\/blogsaverroes.juntadeandalucia.es\/ramonsimonet\/files\/2021\/06\/lgtbi-214x300.jpg 214w, https:\/\/blogsaverroes.juntadeandalucia.es\/ramonsimonet\/files\/2021\/06\/lgtbi-730x1024.jpg 730w, https:\/\/blogsaverroes.juntadeandalucia.es\/ramonsimonet\/files\/2021\/06\/lgtbi-107x150.jpg 107w, https:\/\/blogsaverroes.juntadeandalucia.es\/ramonsimonet\/files\/2021\/06\/lgtbi-768x1077.jpg 768w, https:\/\/blogsaverroes.juntadeandalucia.es\/ramonsimonet\/files\/2021\/06\/lgtbi-1095x1536.jpg 1095w, https:\/\/blogsaverroes.juntadeandalucia.es\/ramonsimonet\/files\/2021\/06\/lgtbi.jpg 1141w\" sizes=\"(max-width: 245px) 100vw, 245px\" \/><\/p>\n<h3>Im\u00e1genes Relacionadas:<\/h3>","protected":false},"excerpt":{"rendered":"<p>&nbsp;&nbsp;&nbsp;&nbsp;&nbsp;&nbsp;&nbsp;&nbsp; Ayer, 28 de junio, se celebr\u00f3 el d\u00eda del orgullo LGTBI+. Con motivo de esta efem\u00e9ride, desde el \u00e1rea de igualdad impulsaron hace un par de semanas un concurso de dibujo relacionado con&#46;&#46;&#46;<\/p>\n","protected":false},"author":2028,"featured_media":0,"comment_status":"closed","ping_status":"closed","sticky":false,"template":"","format":"standard","meta":{"ngg_post_thumbnail":0,"footnotes":""},"categories":[289],"tags":[],"aioseo_notices":[],"_links":{"self":[{"href":"https:\/\/blogsaverroes.juntadeandalucia.es\/ramonsimonet\/wp-json\/wp\/v2\/posts\/1742"}],"collection":[{"href":"https:\/\/blogsaverroes.juntadeandalucia.es\/ramonsimonet\/wp-json\/wp\/v2\/posts"}],"about":[{"href":"https:\/\/blogsaverroes.juntadeandalucia.es\/ramonsimonet\/wp-json\/wp\/v2\/types\/post"}],"author":[{"embeddable":true,"href":"https:\/\/blogsaverroes.juntadeandalucia.es\/ramonsimonet\/wp-json\/wp\/v2\/users\/2028"}],"replies":[{"embeddable":true,"href":"https:\/\/blogsaverroes.juntadeandalucia.es\/ramonsimonet\/wp-json\/wp\/v2\/comments?post=1742"}],"version-history":[{"count":2,"href":"https:\/\/blogsaverroes.juntadeandalucia.es\/ramonsimonet\/wp-json\/wp\/v2\/posts\/1742\/revisions"}],"predecessor-version":[{"id":1745,"href":"https:\/\/blogsaverroes.juntadeandalucia.es\/ramonsimonet\/wp-json\/wp\/v2\/posts\/1742\/revisions\/1745"}],"wp:attachment":[{"href":"https:\/\/blogsaverroes.juntadeandalucia.es\/ramonsimonet\/wp-json\/wp\/v2\/media?parent=1742"}],"wp:term":[{"taxonomy":"category","embeddable":true,"href":"https:\/\/blogsaverroes.juntadeandalucia.es\/ramonsimonet\/wp-json\/wp\/v2\/categories?post=1742"},{"taxonomy":"post_tag","embeddable":true,"href":"https:\/\/blogsaverroes.juntadeandalucia.es\/ramonsimonet\/wp-json\/wp\/v2\/tags?post=1742"}],"curies":[{"name":"wp","href":"https:\/\/api.w.org\/{rel}","templated":true}]}}