{"id":2011,"date":"2022-06-27T17:11:17","date_gmt":"2022-06-27T17:11:17","guid":{"rendered":"https:\/\/blogsaverroes.juntadeandalucia.es\/ramonsimonet\/?p=2011"},"modified":"2022-06-27T17:11:47","modified_gmt":"2022-06-27T17:11:47","slug":"cheques-libro-1o-y-2o-2022-2023","status":"publish","type":"post","link":"https:\/\/blogsaverroes.juntadeandalucia.es\/ramonsimonet\/cheques-libro-1o-y-2o-2022-2023\/","title":{"rendered":"CHEQUES &#8211; LIBRO 1\u00ba Y 2\u00ba  2022\/2023"},"content":{"rendered":"<p><u>CEIP RAM\u00d3N SIMONET.&nbsp;&nbsp; CHEQUES- LIBRO 1\u00ba Y 2\u00ba CURSO 2022\/2023<\/u><\/p>\n<p>Seg\u00fan las instrucciones del programa de gratuidad de libros de texto, al alumnado matriculado en 1\u00ba y 2\u00ba de Primaria le corresponde un lote de libros de texto nuevo. La Consejer\u00eda de Educaci\u00f3n ha establecido un procedimiento telem\u00e1tico para que ustedes reciban el cheque-libro, en el llamado punto de recogida electr\u00f3nico.<\/p>\n<p><strong><u>El cheque libro podr\u00e1n descargarlo el martes 28 de junio y d\u00edas siguientes<\/u><\/strong><\/p>\n<p>Se recoger\u00e1 on line en el enlace de abajo, usando su clave privada y la fecha de nacimiento del alumno\/a. Cuando recojan el cheque-libro del punto de recogida electr\u00f3nico al colegio le quedar\u00e1 grabada una constancia de que la familia ya tiene el cheque libro. Deben imprimirlo y dirigirse a la librer\u00eda que ustedes deseen para canjear el cheque libro por los libros de texto para su hijo\/a.<\/p>\n<p>Enlace para acceder<\/p>\n<p><a href=\"https:\/\/seneca.juntadeandalucia.es\/seneca\/puntoderecogida\/index.html\">https:\/\/seneca.juntadeandalucia.es\/seneca\/puntoderecogida\/index.html<\/a><\/p>\n<p>Si una familia no puede acceder al cheque libro electr\u00f3nico, no se preocupen. Pueden recogerlo en soporte papel en el colegio durante los d\u00edas 1, 4, 5 y 6 de julio, en horario de secretar\u00eda, de 12,30 a 13,30 horas. Y si no lo han recogido, se le guardar\u00e1 para que lo hagan en septiembre.<\/p>\n<p>Se recoger\u00e1 presentando el dni\/nie\/pasaporte (tan s\u00f3lo podr\u00e1n retirar el cheque libro el padre\/madre\/tutores legales o persona autorizada por escrito con copias del dni)<\/p>\n<p>Para m\u00e1s informaci\u00f3n, 951 298 636 y &nbsp;<a href=\"mailto:ramon@ceipsimonet.es\">ramon@ceipsimonet.es<\/a> &nbsp;(si escriben un email al colegio, no olviden poner nombre completo del alumno\/a, curso y nombre completo del padre o madre que hace la consulta, as\u00ed como un tel\u00e9fono m\u00f3vil de contacto)<\/p>\n<p>&nbsp;<\/p>\n<p><a title=\"Enlace para ver en p\u00e1gina 2 unas instrucciones\" href=\"https:\/\/drive.google.com\/file\/d\/1qMj4ZluYgKfV7ipjOIWk0oAzH39k-YNP\/view?usp=sharing\">Enlace para ver en p\u00e1gina 2 unas instrucciones<\/a><\/p>\n<h3>Im\u00e1genes Relacionadas:<\/h3>","protected":false},"excerpt":{"rendered":"<p>CEIP RAM\u00d3N SIMONET.&nbsp;&nbsp; CHEQUES- LIBRO 1\u00ba Y 2\u00ba CURSO 2022\/2023 Seg\u00fan las instrucciones del programa de gratuidad de libros de texto, al alumnado matriculado en 1\u00ba y 2\u00ba de Primaria le corresponde un lote&#46;&#46;&#46;<\/p>\n","protected":false},"author":2028,"featured_media":0,"comment_status":"closed","ping_status":"closed","sticky":false,"template":"","format":"standard","meta":{"ngg_post_thumbnail":0,"footnotes":""},"categories":[289],"tags":[],"aioseo_notices":[],"_links":{"self":[{"href":"https:\/\/blogsaverroes.juntadeandalucia.es\/ramonsimonet\/wp-json\/wp\/v2\/posts\/2011"}],"collection":[{"href":"https:\/\/blogsaverroes.juntadeandalucia.es\/ramonsimonet\/wp-json\/wp\/v2\/posts"}],"about":[{"href":"https:\/\/blogsaverroes.juntadeandalucia.es\/ramonsimonet\/wp-json\/wp\/v2\/types\/post"}],"author":[{"embeddable":true,"href":"https:\/\/blogsaverroes.juntadeandalucia.es\/ramonsimonet\/wp-json\/wp\/v2\/users\/2028"}],"replies":[{"embeddable":true,"href":"https:\/\/blogsaverroes.juntadeandalucia.es\/ramonsimonet\/wp-json\/wp\/v2\/comments?post=2011"}],"version-history":[{"count":1,"href":"https:\/\/blogsaverroes.juntadeandalucia.es\/ramonsimonet\/wp-json\/wp\/v2\/posts\/2011\/revisions"}],"predecessor-version":[{"id":2012,"href":"https:\/\/blogsaverroes.juntadeandalucia.es\/ramonsimonet\/wp-json\/wp\/v2\/posts\/2011\/revisions\/2012"}],"wp:attachment":[{"href":"https:\/\/blogsaverroes.juntadeandalucia.es\/ramonsimonet\/wp-json\/wp\/v2\/media?parent=2011"}],"wp:term":[{"taxonomy":"category","embeddable":true,"href":"https:\/\/blogsaverroes.juntadeandalucia.es\/ramonsimonet\/wp-json\/wp\/v2\/categories?post=2011"},{"taxonomy":"post_tag","embeddable":true,"href":"https:\/\/blogsaverroes.juntadeandalucia.es\/ramonsimonet\/wp-json\/wp\/v2\/tags?post=2011"}],"curies":[{"name":"wp","href":"https:\/\/api.w.org\/{rel}","templated":true}]}}