{"id":2023,"date":"2022-08-29T09:23:01","date_gmt":"2022-08-29T09:23:01","guid":{"rendered":"https:\/\/blogsaverroes.juntadeandalucia.es\/ramonsimonet\/?p=2023"},"modified":"2022-08-29T09:27:39","modified_gmt":"2022-08-29T09:27:39","slug":"bonificacion-servicios-complementarios-22-23","status":"publish","type":"post","link":"https:\/\/blogsaverroes.juntadeandalucia.es\/ramonsimonet\/bonificacion-servicios-complementarios-22-23\/","title":{"rendered":"BONIFICACI\u00d3N SERVICIOS COMPLEMENTARIOS 22\/23"},"content":{"rendered":"<p>SOLICITUD DE BONIFICACI\u00d3N EN LOS SERVICIOS COMPLEMENTARIOS DE COMEDOR, AULA MATINAL Y ACTIVIDADES EXTRAESCOLARES 2022\/2023 (del 1 al 7 de septiembre)<\/p>\n<p>Estimadas familias:<\/p>\n<p>Las familias del alumnado que ha sido admitido\/a para alg\u00fan servicio complementario para el curso 2022\/2023 pueden solicitar la bonificaci\u00f3n\/gratuidad total en el precio de los servicios en los que ha sido admitido\/a.<\/p>\n<p>El plazo de entrega de solicitudes de bonificaci\u00f3n es del 1 al 7 de septiembre de 2022<\/p>\n<p>Opciones de presentaci\u00f3n:<\/p>\n<p>Preferentemente: Teletramitado La secretar\u00eda virtual de los centros docentes, con contrase\u00f1a personal.<\/p>\n<p>En caso de encontrarse con alg\u00fan problema podr\u00edan presentarla de forma presencial en el colegio entreg\u00e1ndolo en papel, en horario de 12,30 a 13,30 horas (no es necesaria cita previa en secretar\u00eda). No enviar por correo electr\u00f3nico al colegio.&nbsp;<\/p>\n<p>IMPORTANTE:<br \/>\nDeben identificar y firmar todos los miembros de la unidad familiar mayores de 16 a\u00f1os y autorizar a la Consejer\u00eda de Educaci\u00f3n para obtener informaci\u00f3n de los ingresos declarados en el IRPF<\/p>\n<p>Precios servicios complementarios establecidos por la Junta de Andaluc\u00eda para el curso 2022\/2023 (boja 26 julio 2022)<\/p>\n<ul>\n<li>Aula matinal: 16,81 euros al mes (1,28 euros al d\u00eda)<\/li>\n<li>Comedor: 4,78 euros al d\u00eda<\/li>\n<li>Actividades extraescolares: 16,81 euros al mes cada actividad<\/li>\n<\/ul>\n<p>(Las bonificaciones en el precio se solicitan del 1 al 7 de septiembre. De ser concedidas se aplican a los precios arriba indicados. Solo se bonifica una actividad extraescolar por alumno\/a)<\/p>\n<p>Reciban un cordial saludo<\/p>\n<p>&nbsp;<\/p>\n<p>IMPRESO PARA SOLICITAR BONIFICACI\u00d3N<\/p>\n<p><a title=\"Clic para descargar\" href=\"https:\/\/drive.google.com\/file\/d\/1aIcJx0Q4EfWOHHsyFgyEkzvBrwAp7AOi\/view?usp=sharing\">Clic para descargar<\/a><\/p>\n<h3>Im\u00e1genes Relacionadas:<\/h3>","protected":false},"excerpt":{"rendered":"<p>SOLICITUD DE BONIFICACI\u00d3N EN LOS SERVICIOS COMPLEMENTARIOS DE COMEDOR, AULA MATINAL Y ACTIVIDADES EXTRAESCOLARES 2022\/2023 (del 1 al 7 de septiembre) Estimadas familias: Las familias del alumnado que ha sido admitido\/a para alg\u00fan servicio&#46;&#46;&#46;<\/p>\n","protected":false},"author":2028,"featured_media":0,"comment_status":"closed","ping_status":"closed","sticky":false,"template":"","format":"standard","meta":{"ngg_post_thumbnail":0,"footnotes":""},"categories":[289],"tags":[],"aioseo_notices":[],"_links":{"self":[{"href":"https:\/\/blogsaverroes.juntadeandalucia.es\/ramonsimonet\/wp-json\/wp\/v2\/posts\/2023"}],"collection":[{"href":"https:\/\/blogsaverroes.juntadeandalucia.es\/ramonsimonet\/wp-json\/wp\/v2\/posts"}],"about":[{"href":"https:\/\/blogsaverroes.juntadeandalucia.es\/ramonsimonet\/wp-json\/wp\/v2\/types\/post"}],"author":[{"embeddable":true,"href":"https:\/\/blogsaverroes.juntadeandalucia.es\/ramonsimonet\/wp-json\/wp\/v2\/users\/2028"}],"replies":[{"embeddable":true,"href":"https:\/\/blogsaverroes.juntadeandalucia.es\/ramonsimonet\/wp-json\/wp\/v2\/comments?post=2023"}],"version-history":[{"count":3,"href":"https:\/\/blogsaverroes.juntadeandalucia.es\/ramonsimonet\/wp-json\/wp\/v2\/posts\/2023\/revisions"}],"predecessor-version":[{"id":2026,"href":"https:\/\/blogsaverroes.juntadeandalucia.es\/ramonsimonet\/wp-json\/wp\/v2\/posts\/2023\/revisions\/2026"}],"wp:attachment":[{"href":"https:\/\/blogsaverroes.juntadeandalucia.es\/ramonsimonet\/wp-json\/wp\/v2\/media?parent=2023"}],"wp:term":[{"taxonomy":"category","embeddable":true,"href":"https:\/\/blogsaverroes.juntadeandalucia.es\/ramonsimonet\/wp-json\/wp\/v2\/categories?post=2023"},{"taxonomy":"post_tag","embeddable":true,"href":"https:\/\/blogsaverroes.juntadeandalucia.es\/ramonsimonet\/wp-json\/wp\/v2\/tags?post=2023"}],"curies":[{"name":"wp","href":"https:\/\/api.w.org\/{rel}","templated":true}]}}