{"id":749,"date":"2016-04-19T11:18:54","date_gmt":"2016-04-19T11:18:54","guid":{"rendered":"http:\/\/blogsaverroes.juntadeandalucia.es\/ramonsimonet\/?p=749"},"modified":"2016-04-19T11:36:03","modified_gmt":"2016-04-19T11:36:03","slug":"mercadillo-dia-del-libro","status":"publish","type":"post","link":"https:\/\/blogsaverroes.juntadeandalucia.es\/ramonsimonet\/mercadillo-dia-del-libro\/","title":{"rendered":"MERCADILLO D\u00cdA DEL LIBRO"},"content":{"rendered":"<p style=\"text-align: justify\">Con motivo de la celebraci\u00f3n del d\u00eda del libro (conmemoraci\u00f3n del IV centenario de la muerte de Miguel de Cervantes), desde la AMPA Azahar de nuestro cole, se va a realizar un mercadillo de venta de libros.<\/p>\n<p style=\"text-align: justify\">Se realizar\u00e1 el pr\u00f3ximo d\u00eda 25 de abril en el horario de 16:00 a 18:00 horas en el patio del colegio. Los libros proceden de donaciones del alumnado y la recaudaci\u00f3n se utilizar\u00e1 para la ampliaci\u00f3n de las bibliotecas de aula y de ciclo del centro.<\/p>\n<p style=\"text-align: justify\">Esperamos \u00a0y agradecemos vuestra colaboraci\u00f3n y asistencia. \u00a1Feliz tarde!<\/p>\n<hr \/>\n<h3>Im\u00e1genes Relacionadas:<\/h3>","protected":false},"excerpt":{"rendered":"<p>Con motivo de la celebraci\u00f3n del d\u00eda del libro (conmemoraci\u00f3n del IV centenario de la muerte de Miguel de Cervantes), desde la AMPA Azahar de nuestro cole, se va a realizar un mercadillo de&#46;&#46;&#46;<\/p>\n","protected":false},"author":2028,"featured_media":0,"comment_status":"closed","ping_status":"closed","sticky":false,"template":"","format":"standard","meta":{"ngg_post_thumbnail":0,"footnotes":""},"categories":[289],"tags":[],"aioseo_notices":[],"_links":{"self":[{"href":"https:\/\/blogsaverroes.juntadeandalucia.es\/ramonsimonet\/wp-json\/wp\/v2\/posts\/749"}],"collection":[{"href":"https:\/\/blogsaverroes.juntadeandalucia.es\/ramonsimonet\/wp-json\/wp\/v2\/posts"}],"about":[{"href":"https:\/\/blogsaverroes.juntadeandalucia.es\/ramonsimonet\/wp-json\/wp\/v2\/types\/post"}],"author":[{"embeddable":true,"href":"https:\/\/blogsaverroes.juntadeandalucia.es\/ramonsimonet\/wp-json\/wp\/v2\/users\/2028"}],"replies":[{"embeddable":true,"href":"https:\/\/blogsaverroes.juntadeandalucia.es\/ramonsimonet\/wp-json\/wp\/v2\/comments?post=749"}],"version-history":[{"count":5,"href":"https:\/\/blogsaverroes.juntadeandalucia.es\/ramonsimonet\/wp-json\/wp\/v2\/posts\/749\/revisions"}],"predecessor-version":[{"id":754,"href":"https:\/\/blogsaverroes.juntadeandalucia.es\/ramonsimonet\/wp-json\/wp\/v2\/posts\/749\/revisions\/754"}],"wp:attachment":[{"href":"https:\/\/blogsaverroes.juntadeandalucia.es\/ramonsimonet\/wp-json\/wp\/v2\/media?parent=749"}],"wp:term":[{"taxonomy":"category","embeddable":true,"href":"https:\/\/blogsaverroes.juntadeandalucia.es\/ramonsimonet\/wp-json\/wp\/v2\/categories?post=749"},{"taxonomy":"post_tag","embeddable":true,"href":"https:\/\/blogsaverroes.juntadeandalucia.es\/ramonsimonet\/wp-json\/wp\/v2\/tags?post=749"}],"curies":[{"name":"wp","href":"https:\/\/api.w.org\/{rel}","templated":true}]}}