{"id":819,"date":"2016-09-04T10:03:02","date_gmt":"2016-09-04T10:03:02","guid":{"rendered":"http:\/\/blogsaverroes.juntadeandalucia.es\/ramonsimonet\/?p=819"},"modified":"2016-09-04T10:06:09","modified_gmt":"2016-09-04T10:06:09","slug":"inicio-curso-2016-17","status":"publish","type":"post","link":"https:\/\/blogsaverroes.juntadeandalucia.es\/ramonsimonet\/inicio-curso-2016-17\/","title":{"rendered":"Inicio curso 2016-17"},"content":{"rendered":"<p style=\"text-align: justify\">Iniciamos el nuevo curso escolar. Con mucha ilusi\u00f3n y fuerza para comenzar \u00a0nos hemos puesto en marcha.<\/p>\n<p style=\"text-align: justify\">Las incorporaci\u00f3n de nuestro alumnado se realizar\u00e1 el pr\u00f3ximo d\u00eda 12 de septiembre. El horario de entrada ser\u00e1 el siguiente:<\/p>\n<p style=\"text-align: justify;padding-left: 60px\">&#8211; Los cursos 2\u00ba, 3\u00ba, 4\u00ba y 6\u00ba de ed. primaria a las 10:00 horas.<\/p>\n<p style=\"text-align: justify;padding-left: 60px\">&#8211; El curso 5\u00ba de ed. primaria a las 10:30 horas<\/p>\n<p style=\"text-align: justify;padding-left: 60px\">&#8211; El curso 1\u00ba de ed. Primaria a las 11:00 horas<\/p>\n<p style=\"text-align: justify;padding-left: 60px\">&#8211; El alumnado de infantil de 4 y 5 a\u00f1os a las 12:00 horas<\/p>\n<p style=\"text-align: justify;padding-left: 60px\">&#8211; El alumnado de infantil de 3 a\u00f1os a las 12:30 horas.<\/p>\n<p style=\"text-align: justify\">Recordamos tambi\u00e9n que el martes 6 de septiembre, en horario de 9:30 a 12:00 horas, se proceder\u00e1 a la recogida de material del alumnado de infantil y de primer ciclo de primaria.<\/p>\n<p style=\"text-align: justify\">Os esperamos a todos. \u00a1Comenzamos!<\/p>\n<p>&nbsp;<\/p>\n<h3>Im\u00e1genes Relacionadas:<\/h3>","protected":false},"excerpt":{"rendered":"<p>Iniciamos el nuevo curso escolar. Con mucha ilusi\u00f3n y fuerza para comenzar \u00a0nos hemos puesto en marcha. Las incorporaci\u00f3n de nuestro alumnado se realizar\u00e1 el pr\u00f3ximo d\u00eda 12 de septiembre. El horario de entrada&#46;&#46;&#46;<\/p>\n","protected":false},"author":2028,"featured_media":0,"comment_status":"closed","ping_status":"closed","sticky":false,"template":"","format":"standard","meta":{"ngg_post_thumbnail":0,"footnotes":""},"categories":[289],"tags":[],"aioseo_notices":[],"_links":{"self":[{"href":"https:\/\/blogsaverroes.juntadeandalucia.es\/ramonsimonet\/wp-json\/wp\/v2\/posts\/819"}],"collection":[{"href":"https:\/\/blogsaverroes.juntadeandalucia.es\/ramonsimonet\/wp-json\/wp\/v2\/posts"}],"about":[{"href":"https:\/\/blogsaverroes.juntadeandalucia.es\/ramonsimonet\/wp-json\/wp\/v2\/types\/post"}],"author":[{"embeddable":true,"href":"https:\/\/blogsaverroes.juntadeandalucia.es\/ramonsimonet\/wp-json\/wp\/v2\/users\/2028"}],"replies":[{"embeddable":true,"href":"https:\/\/blogsaverroes.juntadeandalucia.es\/ramonsimonet\/wp-json\/wp\/v2\/comments?post=819"}],"version-history":[{"count":3,"href":"https:\/\/blogsaverroes.juntadeandalucia.es\/ramonsimonet\/wp-json\/wp\/v2\/posts\/819\/revisions"}],"predecessor-version":[{"id":822,"href":"https:\/\/blogsaverroes.juntadeandalucia.es\/ramonsimonet\/wp-json\/wp\/v2\/posts\/819\/revisions\/822"}],"wp:attachment":[{"href":"https:\/\/blogsaverroes.juntadeandalucia.es\/ramonsimonet\/wp-json\/wp\/v2\/media?parent=819"}],"wp:term":[{"taxonomy":"category","embeddable":true,"href":"https:\/\/blogsaverroes.juntadeandalucia.es\/ramonsimonet\/wp-json\/wp\/v2\/categories?post=819"},{"taxonomy":"post_tag","embeddable":true,"href":"https:\/\/blogsaverroes.juntadeandalucia.es\/ramonsimonet\/wp-json\/wp\/v2\/tags?post=819"}],"curies":[{"name":"wp","href":"https:\/\/api.w.org\/{rel}","templated":true}]}}