{"id":829,"date":"2016-10-03T07:35:55","date_gmt":"2016-10-03T07:35:55","guid":{"rendered":"http:\/\/blogsaverroes.juntadeandalucia.es\/ramonsimonet\/?p=829"},"modified":"2016-10-03T07:35:55","modified_gmt":"2016-10-03T07:35:55","slug":"elecciones-a-consejos-escolares","status":"publish","type":"post","link":"https:\/\/blogsaverroes.juntadeandalucia.es\/ramonsimonet\/elecciones-a-consejos-escolares\/","title":{"rendered":"Elecciones a consejos escolares"},"content":{"rendered":"<p style=\"text-align: justify\">\u00a0 \u00a0 \u00a0 \u00a0 \u00a0 \u00a0Pr\u00f3ximamente se van a celebrar elecciones a consejos escolares. El consejo escolar de los centros p\u00fablicos es su \u00f3rgano de participaci\u00f3n en el que est\u00e1n representados los diferentes sectores de la comunidad educativa.<\/p>\n<p style=\"text-align: justify\">\u00a0 \u00a0 \u00a0 \u00a0 \u00a0 \u00a0 \u00a0 \u00a0Es por ello, que se comunica a los padres y madres que deseen pertenecer a dicho \u00f3rgano, que podr\u00e1n presentar su candidatura hasta el 15 de octubre (a las 13:15 horas de ese d\u00eda). Dichas candidaturas se podr\u00e1n presentar a t\u00edtulo personal o bien a trav\u00e9s de la A.M.P.A. como perteneciente a dicha asociaci\u00f3n. Las candidaturas se presentar\u00e1n por escrito en la secretar\u00eda del centro.<\/p>\n<p style=\"text-align: justify\">\u00a0 \u00a0 \u00a0 \u00a0 \u00a0 \u00a0 Para m\u00e1s informaci\u00f3n pueden picar en el siguiente enlace:<\/p>\n<p style=\"text-align: center\"><a href=\"http:\/\/portals.ced.junta-andalucia.es\/educacion\/portals\/web\/ced\/consejos-escolares\" target=\"_blank\">http:\/\/portals.ced.junta-andalucia.es\/educacion\/portals\/web\/ced\/consejos-escolares<\/a><\/p>\n<h3>Im\u00e1genes Relacionadas:<\/h3>","protected":false},"excerpt":{"rendered":"<p>\u00a0 \u00a0 \u00a0 \u00a0 \u00a0 \u00a0Pr\u00f3ximamente se van a celebrar elecciones a consejos escolares. El consejo escolar de los centros p\u00fablicos es su \u00f3rgano de participaci\u00f3n en el que est\u00e1n representados los diferentes sectores&#46;&#46;&#46;<\/p>\n","protected":false},"author":2028,"featured_media":0,"comment_status":"closed","ping_status":"closed","sticky":false,"template":"","format":"standard","meta":{"ngg_post_thumbnail":0,"footnotes":""},"categories":[289],"tags":[],"aioseo_notices":[],"_links":{"self":[{"href":"https:\/\/blogsaverroes.juntadeandalucia.es\/ramonsimonet\/wp-json\/wp\/v2\/posts\/829"}],"collection":[{"href":"https:\/\/blogsaverroes.juntadeandalucia.es\/ramonsimonet\/wp-json\/wp\/v2\/posts"}],"about":[{"href":"https:\/\/blogsaverroes.juntadeandalucia.es\/ramonsimonet\/wp-json\/wp\/v2\/types\/post"}],"author":[{"embeddable":true,"href":"https:\/\/blogsaverroes.juntadeandalucia.es\/ramonsimonet\/wp-json\/wp\/v2\/users\/2028"}],"replies":[{"embeddable":true,"href":"https:\/\/blogsaverroes.juntadeandalucia.es\/ramonsimonet\/wp-json\/wp\/v2\/comments?post=829"}],"version-history":[{"count":1,"href":"https:\/\/blogsaverroes.juntadeandalucia.es\/ramonsimonet\/wp-json\/wp\/v2\/posts\/829\/revisions"}],"predecessor-version":[{"id":830,"href":"https:\/\/blogsaverroes.juntadeandalucia.es\/ramonsimonet\/wp-json\/wp\/v2\/posts\/829\/revisions\/830"}],"wp:attachment":[{"href":"https:\/\/blogsaverroes.juntadeandalucia.es\/ramonsimonet\/wp-json\/wp\/v2\/media?parent=829"}],"wp:term":[{"taxonomy":"category","embeddable":true,"href":"https:\/\/blogsaverroes.juntadeandalucia.es\/ramonsimonet\/wp-json\/wp\/v2\/categories?post=829"},{"taxonomy":"post_tag","embeddable":true,"href":"https:\/\/blogsaverroes.juntadeandalucia.es\/ramonsimonet\/wp-json\/wp\/v2\/tags?post=829"}],"curies":[{"name":"wp","href":"https:\/\/api.w.org\/{rel}","templated":true}]}}