{"id":839,"date":"2016-12-15T19:55:26","date_gmt":"2016-12-15T19:55:26","guid":{"rendered":"http:\/\/blogsaverroes.juntadeandalucia.es\/ramonsimonet\/?p=839"},"modified":"2016-12-15T19:55:26","modified_gmt":"2016-12-15T19:55:26","slug":"navidades-2016","status":"publish","type":"post","link":"https:\/\/blogsaverroes.juntadeandalucia.es\/ramonsimonet\/navidades-2016\/","title":{"rendered":"Navidades 2016"},"content":{"rendered":"<p style=\"text-align: justify\">\u00a0 \u00a0 \u00a0 \u00a0 \u00a0 \u00a0 \u00a0 \u00a0 Se va terminando este primer trimestre lleno de esfuerzo y de emociones. Desde el centro educativo les comunicamos que las clases finalizar\u00e1n el pr\u00f3ximo d\u00eda 23 de diciembre y se reanudar\u00e1n el d\u00eda 9 de enero, ambos en el horario habitual. Igualmente recordarles que, al igual que en a\u00f1os anteriores, sus majestades los Reyes Magos visitar\u00e1n nuestro centro gracias a la colaboraci\u00f3n de nuestro AMPA \u00a0Azahar.<\/p>\n<p>\u00a0 \u00a0 \u00a0 \u00a0 \u00a0 \u00a0 \u00a0 \u00a0 \u00a0Desde aqu\u00ed y de parte de toda la comunidad educativa les deseamos felices fiestas y mucha felicidad y prosperidad para todos.<\/p>\n<p><img loading=\"lazy\" decoding=\"async\" class=\"aligncenter  wp-image-840\" src=\"http:\/\/blogsaverroes.juntadeandalucia.es\/ramonsimonet\/files\/2016\/12\/simonticnoel-951x1024.jpg\" alt=\"simonticnoel\" width=\"144\" height=\"155\" srcset=\"https:\/\/blogsaverroes.juntadeandalucia.es\/ramonsimonet\/files\/2016\/12\/simonticnoel-951x1024.jpg 951w, https:\/\/blogsaverroes.juntadeandalucia.es\/ramonsimonet\/files\/2016\/12\/simonticnoel-139x150.jpg 139w, https:\/\/blogsaverroes.juntadeandalucia.es\/ramonsimonet\/files\/2016\/12\/simonticnoel-279x300.jpg 279w, https:\/\/blogsaverroes.juntadeandalucia.es\/ramonsimonet\/files\/2016\/12\/simonticnoel-22x24.jpg 22w, https:\/\/blogsaverroes.juntadeandalucia.es\/ramonsimonet\/files\/2016\/12\/simonticnoel-33x36.jpg 33w, https:\/\/blogsaverroes.juntadeandalucia.es\/ramonsimonet\/files\/2016\/12\/simonticnoel-45x48.jpg 45w, https:\/\/blogsaverroes.juntadeandalucia.es\/ramonsimonet\/files\/2016\/12\/simonticnoel.jpg 1266w\" sizes=\"(max-width: 144px) 100vw, 144px\" \/><\/p>\n<h3>Im\u00e1genes Relacionadas:<\/h3>","protected":false},"excerpt":{"rendered":"<p>\u00a0 \u00a0 \u00a0 \u00a0 \u00a0 \u00a0 \u00a0 \u00a0 Se va terminando este primer trimestre lleno de esfuerzo y de emociones. Desde el centro educativo les comunicamos que las clases finalizar\u00e1n el pr\u00f3ximo d\u00eda 23&#46;&#46;&#46;<\/p>\n","protected":false},"author":2028,"featured_media":0,"comment_status":"closed","ping_status":"closed","sticky":false,"template":"","format":"standard","meta":{"ngg_post_thumbnail":0,"footnotes":""},"categories":[289],"tags":[],"aioseo_notices":[],"_links":{"self":[{"href":"https:\/\/blogsaverroes.juntadeandalucia.es\/ramonsimonet\/wp-json\/wp\/v2\/posts\/839"}],"collection":[{"href":"https:\/\/blogsaverroes.juntadeandalucia.es\/ramonsimonet\/wp-json\/wp\/v2\/posts"}],"about":[{"href":"https:\/\/blogsaverroes.juntadeandalucia.es\/ramonsimonet\/wp-json\/wp\/v2\/types\/post"}],"author":[{"embeddable":true,"href":"https:\/\/blogsaverroes.juntadeandalucia.es\/ramonsimonet\/wp-json\/wp\/v2\/users\/2028"}],"replies":[{"embeddable":true,"href":"https:\/\/blogsaverroes.juntadeandalucia.es\/ramonsimonet\/wp-json\/wp\/v2\/comments?post=839"}],"version-history":[{"count":1,"href":"https:\/\/blogsaverroes.juntadeandalucia.es\/ramonsimonet\/wp-json\/wp\/v2\/posts\/839\/revisions"}],"predecessor-version":[{"id":841,"href":"https:\/\/blogsaverroes.juntadeandalucia.es\/ramonsimonet\/wp-json\/wp\/v2\/posts\/839\/revisions\/841"}],"wp:attachment":[{"href":"https:\/\/blogsaverroes.juntadeandalucia.es\/ramonsimonet\/wp-json\/wp\/v2\/media?parent=839"}],"wp:term":[{"taxonomy":"category","embeddable":true,"href":"https:\/\/blogsaverroes.juntadeandalucia.es\/ramonsimonet\/wp-json\/wp\/v2\/categories?post=839"},{"taxonomy":"post_tag","embeddable":true,"href":"https:\/\/blogsaverroes.juntadeandalucia.es\/ramonsimonet\/wp-json\/wp\/v2\/tags?post=839"}],"curies":[{"name":"wp","href":"https:\/\/api.w.org\/{rel}","templated":true}]}}