{"id":912,"date":"2017-05-22T08:30:12","date_gmt":"2017-05-22T08:30:12","guid":{"rendered":"http:\/\/blogsaverroes.juntadeandalucia.es\/ramonsimonet\/?p=912"},"modified":"2017-06-07T11:13:47","modified_gmt":"2017-06-07T11:13:47","slug":"matriculacion-curso-2017-18","status":"publish","type":"post","link":"https:\/\/blogsaverroes.juntadeandalucia.es\/ramonsimonet\/matriculacion-curso-2017-18\/","title":{"rendered":"Matriculaci\u00f3n curso 2017-18"},"content":{"rendered":"<p style=\"text-align: justify\">Se inicia el proceso de matriculaci\u00f3n para el curso 2017 -18.<\/p>\n<p style=\"text-align: justify\">El plazo para dicha matriculaci\u00f3n es del 1 al 8 de Junio para el alumnado de nuevo ingreso en el centro.<\/p>\n<p style=\"text-align: justify\">El alumnado que ya est\u00e1 en el centro formalizar\u00e1 la matricula por medio de un impreso que le repartir\u00e1n y recoger\u00e1n los tutores, igual que en a\u00f1os anteriores.<\/p>\n<p>Documentaci\u00f3n necesaria:<\/p>\n<ul>\n<li><a href=\"https:\/\/drive.google.com\/file\/d\/0ByHsUIffPNUuNWdZUThtUnpjQjQ\/view?usp=sharing\">impreso para infantil<\/a><\/li>\n<li><a href=\"https:\/\/drive.google.com\/file\/d\/0ByHsUIffPNUubGUzdm05RXJ2S1U\/view?usp=sharing\">impreso para primaria<\/a><\/li>\n<li><a href=\"https:\/\/drive.google.com\/file\/d\/0ByHsUIffPNUuaS1zZS0yLTZQOWs\/view\">hoja de datos del alumno<\/a><\/li>\n<li><a href=\"https:\/\/drive.google.com\/file\/d\/0ByHsUIffPNUuUGR6aVFScDlmNW8\/view?usp=sharing\">Decreto 9\/2017 de 31 de enero<\/a><\/li>\n<li><a href=\"https:\/\/drive.google.com\/file\/d\/0ByHsUIffPNUuS2s0SXBRNDdpTzA\/view?usp=sharing\">Instrucciones 27\/2\/17<\/a><\/li>\n<li><a href=\"https:\/\/drive.google.com\/file\/d\/0ByHsUIffPNUuQm1Db3dLNEpIOG8\/view\">Solicitud para cursar religi\u00f3n<\/a><\/li>\n<\/ul>\n<p style=\"text-align: justify\">Los impresos se pueden descargar desde aqu\u00ed o recoger en conserjer\u00eda durante la \u00faltima semana de mayo de 12:00h a 13:15 h.<\/p>\n<p style=\"text-align: justify\">Quien desee cambiar las asignaturas de religi\u00f3n y valores c\u00edvicos y sociales debe hacerlo, siguiendo las instrucciones,&nbsp; durante el per\u00edodo de matric\u00fala del 1 al 8 de junio.<\/p>\n<h3>Im\u00e1genes Relacionadas:<\/h3>","protected":false},"excerpt":{"rendered":"<p>Se inicia el proceso de matriculaci\u00f3n para el curso 2017 -18. El plazo para dicha matriculaci\u00f3n es del 1 al 8 de Junio para el alumnado de nuevo ingreso en el centro. El alumnado&#46;&#46;&#46;<\/p>\n","protected":false},"author":2028,"featured_media":0,"comment_status":"closed","ping_status":"closed","sticky":false,"template":"","format":"standard","meta":{"ngg_post_thumbnail":0,"footnotes":""},"categories":[289],"tags":[],"aioseo_notices":[],"_links":{"self":[{"href":"https:\/\/blogsaverroes.juntadeandalucia.es\/ramonsimonet\/wp-json\/wp\/v2\/posts\/912"}],"collection":[{"href":"https:\/\/blogsaverroes.juntadeandalucia.es\/ramonsimonet\/wp-json\/wp\/v2\/posts"}],"about":[{"href":"https:\/\/blogsaverroes.juntadeandalucia.es\/ramonsimonet\/wp-json\/wp\/v2\/types\/post"}],"author":[{"embeddable":true,"href":"https:\/\/blogsaverroes.juntadeandalucia.es\/ramonsimonet\/wp-json\/wp\/v2\/users\/2028"}],"replies":[{"embeddable":true,"href":"https:\/\/blogsaverroes.juntadeandalucia.es\/ramonsimonet\/wp-json\/wp\/v2\/comments?post=912"}],"version-history":[{"count":3,"href":"https:\/\/blogsaverroes.juntadeandalucia.es\/ramonsimonet\/wp-json\/wp\/v2\/posts\/912\/revisions"}],"predecessor-version":[{"id":917,"href":"https:\/\/blogsaverroes.juntadeandalucia.es\/ramonsimonet\/wp-json\/wp\/v2\/posts\/912\/revisions\/917"}],"wp:attachment":[{"href":"https:\/\/blogsaverroes.juntadeandalucia.es\/ramonsimonet\/wp-json\/wp\/v2\/media?parent=912"}],"wp:term":[{"taxonomy":"category","embeddable":true,"href":"https:\/\/blogsaverroes.juntadeandalucia.es\/ramonsimonet\/wp-json\/wp\/v2\/categories?post=912"},{"taxonomy":"post_tag","embeddable":true,"href":"https:\/\/blogsaverroes.juntadeandalucia.es\/ramonsimonet\/wp-json\/wp\/v2\/tags?post=912"}],"curies":[{"name":"wp","href":"https:\/\/api.w.org\/{rel}","templated":true}]}}