{"id":1606,"date":"2020-12-02T19:07:12","date_gmt":"2020-12-02T18:07:12","guid":{"rendered":"https:\/\/blogsaverroes.juntadeandalucia.es\/recursosdematematicas\/?p=1606"},"modified":"2020-12-02T19:07:12","modified_gmt":"2020-12-02T18:07:12","slug":"stefan-banach","status":"publish","type":"post","link":"https:\/\/blogsaverroes.juntadeandalucia.es\/recursosdematematicas\/stefan-banach\/","title":{"rendered":"Stefan Banach"},"content":{"rendered":"<div style=\"text-align: justify\"><span style=\"color: #800080;font-size: 14pt;font-family: arial, helvetica, sans-serif\">\u00abLas Matem\u00e1ticas son la creaci\u00f3n m\u00e1s poderosa y bella del esp\u00edritu humano\u00bb<\/span><span style=\"color: #800080;font-family: arial, helvetica, sans-serif;font-size: 14pt\">.<\/span><\/div>\n<div>&nbsp;<\/div>\n<div><span style=\"font-family: arial, helvetica, sans-serif;font-size: 13.3333px\">Stefan Banach<\/span><span style=\"font-family: arial, helvetica, sans-serif;font-size: 10pt\">.<\/span><\/div>\n<div><span style=\"font-family: arial, helvetica, sans-serif;font-size: 10pt\">Cracovia, 30 de marzo de 1892 &#8211; Le\u00f3polis, 31 de agosto de 1945.<\/span><\/div>\n<div><span style=\"font-family: arial, helvetica, sans-serif;font-size: 10pt\">Matem\u00e1tico polaco.<\/span><\/div>\n","protected":false},"excerpt":{"rendered":"<p>\u00abLas Matem\u00e1ticas son la creaci\u00f3n m\u00e1s poderosa y bella del esp\u00edritu humano\u00bb. &nbsp; Stefan Banach. Cracovia, 30 de marzo de 1892 &#8211; Le\u00f3polis, 31 de agosto de 1945. Matem\u00e1tico polaco.<\/p>\n","protected":false},"author":7927,"featured_media":0,"comment_status":"open","ping_status":"open","sticky":false,"template":"","format":"standard","meta":{"ngg_post_thumbnail":0,"footnotes":""},"categories":[2075199],"tags":[],"aioseo_notices":[],"_links":{"self":[{"href":"https:\/\/blogsaverroes.juntadeandalucia.es\/recursosdematematicas\/wp-json\/wp\/v2\/posts\/1606"}],"collection":[{"href":"https:\/\/blogsaverroes.juntadeandalucia.es\/recursosdematematicas\/wp-json\/wp\/v2\/posts"}],"about":[{"href":"https:\/\/blogsaverroes.juntadeandalucia.es\/recursosdematematicas\/wp-json\/wp\/v2\/types\/post"}],"author":[{"embeddable":true,"href":"https:\/\/blogsaverroes.juntadeandalucia.es\/recursosdematematicas\/wp-json\/wp\/v2\/users\/7927"}],"replies":[{"embeddable":true,"href":"https:\/\/blogsaverroes.juntadeandalucia.es\/recursosdematematicas\/wp-json\/wp\/v2\/comments?post=1606"}],"version-history":[{"count":1,"href":"https:\/\/blogsaverroes.juntadeandalucia.es\/recursosdematematicas\/wp-json\/wp\/v2\/posts\/1606\/revisions"}],"predecessor-version":[{"id":1607,"href":"https:\/\/blogsaverroes.juntadeandalucia.es\/recursosdematematicas\/wp-json\/wp\/v2\/posts\/1606\/revisions\/1607"}],"wp:attachment":[{"href":"https:\/\/blogsaverroes.juntadeandalucia.es\/recursosdematematicas\/wp-json\/wp\/v2\/media?parent=1606"}],"wp:term":[{"taxonomy":"category","embeddable":true,"href":"https:\/\/blogsaverroes.juntadeandalucia.es\/recursosdematematicas\/wp-json\/wp\/v2\/categories?post=1606"},{"taxonomy":"post_tag","embeddable":true,"href":"https:\/\/blogsaverroes.juntadeandalucia.es\/recursosdematematicas\/wp-json\/wp\/v2\/tags?post=1606"}],"curies":[{"name":"wp","href":"https:\/\/api.w.org\/{rel}","templated":true}]}}