{"id":3295,"date":"2021-06-20T07:16:49","date_gmt":"2021-06-20T05:16:49","guid":{"rendered":"https:\/\/blogsaverroes.juntadeandalucia.es\/recursosdematematicas\/?p=3295"},"modified":"2021-06-20T07:16:49","modified_gmt":"2021-06-20T05:16:49","slug":"paul-dirac","status":"publish","type":"post","link":"https:\/\/blogsaverroes.juntadeandalucia.es\/recursosdematematicas\/paul-dirac\/","title":{"rendered":"Paul Dirac"},"content":{"rendered":"<p><img loading=\"lazy\" decoding=\"async\" class=\"wp-image-3296 alignleft\" src=\"https:\/\/blogsaverroes.juntadeandalucia.es\/recursosdematematicas\/files\/2021\/06\/Dirac.png\" alt=\"\" width=\"134\" height=\"200\" srcset=\"https:\/\/blogsaverroes.juntadeandalucia.es\/recursosdematematicas\/files\/2021\/06\/Dirac.png 245w, https:\/\/blogsaverroes.juntadeandalucia.es\/recursosdematematicas\/files\/2021\/06\/Dirac-201x300.png 201w\" sizes=\"(max-width: 134px) 100vw, 134px\" \/>&nbsp;<\/p>\n<div style=\"padding-left: 200px;text-align: justify\"><span style=\"color: #800080;font-size: 14pt;font-family: arial, helvetica, sans-serif\">\u00abSi hay un Dios, es un gran matem\u00e1tico\u00bb<\/span><span style=\"color: #800080;font-family: arial, helvetica, sans-serif;font-size: 14pt\">.<\/span><\/div>\n<div>&nbsp;<\/div>\n<div style=\"padding-left: 200px\"><span style=\"font-family: arial, helvetica, sans-serif;font-size: 13.3333px\">Paul Adrien Maurice Dirac. <\/span><\/div>\n<div style=\"padding-left: 200px\"><span style=\"font-family: arial, helvetica, sans-serif;font-size: 13.3333px\">Bristol, 8 de agosto de 1902 &#8211;<\/span><span style=\"font-family: arial, helvetica, sans-serif;font-size: 10pt\"> Tallahassee, 20 de octubre de 1984.<\/span><\/div>\n<div style=\"padding-left: 200px\"><span style=\"font-family: arial, helvetica, sans-serif;font-size: 10pt\">Ingeniero, matem\u00e1tico y f\u00edsico te\u00f3rico brit\u00e1nico. Destac\u00f3 en Mec\u00e1nica y Electrodin\u00e1mica Cu\u00e1ntica.<\/span><\/div>\n<div style=\"padding-left: 200px\"><span style=\"font-family: arial, helvetica, sans-serif;font-size: 10pt\">Premio Nobel de F\u00edsica en 1933, compartido con Erwin Schr\u00f6dinger.<\/span><\/div>\n","protected":false},"excerpt":{"rendered":"<p>&nbsp; \u00abSi hay un Dios, es un gran matem\u00e1tico\u00bb. &nbsp; Paul Adrien Maurice Dirac. Bristol, 8 de agosto de 1902 &#8211; Tallahassee, 20 de octubre de 1984. Ingeniero, matem\u00e1tico y f\u00edsico te\u00f3rico brit\u00e1nico. Destac\u00f3&#46;&#46;&#46;<\/p>\n","protected":false},"author":7927,"featured_media":0,"comment_status":"open","ping_status":"open","sticky":false,"template":"","format":"standard","meta":{"ngg_post_thumbnail":0,"footnotes":""},"categories":[2075199],"tags":[],"aioseo_notices":[],"_links":{"self":[{"href":"https:\/\/blogsaverroes.juntadeandalucia.es\/recursosdematematicas\/wp-json\/wp\/v2\/posts\/3295"}],"collection":[{"href":"https:\/\/blogsaverroes.juntadeandalucia.es\/recursosdematematicas\/wp-json\/wp\/v2\/posts"}],"about":[{"href":"https:\/\/blogsaverroes.juntadeandalucia.es\/recursosdematematicas\/wp-json\/wp\/v2\/types\/post"}],"author":[{"embeddable":true,"href":"https:\/\/blogsaverroes.juntadeandalucia.es\/recursosdematematicas\/wp-json\/wp\/v2\/users\/7927"}],"replies":[{"embeddable":true,"href":"https:\/\/blogsaverroes.juntadeandalucia.es\/recursosdematematicas\/wp-json\/wp\/v2\/comments?post=3295"}],"version-history":[{"count":1,"href":"https:\/\/blogsaverroes.juntadeandalucia.es\/recursosdematematicas\/wp-json\/wp\/v2\/posts\/3295\/revisions"}],"predecessor-version":[{"id":3297,"href":"https:\/\/blogsaverroes.juntadeandalucia.es\/recursosdematematicas\/wp-json\/wp\/v2\/posts\/3295\/revisions\/3297"}],"wp:attachment":[{"href":"https:\/\/blogsaverroes.juntadeandalucia.es\/recursosdematematicas\/wp-json\/wp\/v2\/media?parent=3295"}],"wp:term":[{"taxonomy":"category","embeddable":true,"href":"https:\/\/blogsaverroes.juntadeandalucia.es\/recursosdematematicas\/wp-json\/wp\/v2\/categories?post=3295"},{"taxonomy":"post_tag","embeddable":true,"href":"https:\/\/blogsaverroes.juntadeandalucia.es\/recursosdematematicas\/wp-json\/wp\/v2\/tags?post=3295"}],"curies":[{"name":"wp","href":"https:\/\/api.w.org\/{rel}","templated":true}]}}