{"id":5429,"date":"2023-02-04T22:48:38","date_gmt":"2023-02-04T21:48:38","guid":{"rendered":"https:\/\/blogsaverroes.juntadeandalucia.es\/recursosdematematicas\/?p=5429"},"modified":"2023-02-18T08:42:21","modified_gmt":"2023-02-18T07:42:21","slug":"congreso-internacional","status":"publish","type":"post","link":"https:\/\/blogsaverroes.juntadeandalucia.es\/recursosdematematicas\/congreso-internacional\/","title":{"rendered":"Congreso internacional"},"content":{"rendered":"<p><img loading=\"lazy\" decoding=\"async\" class=\"alignleft wp-image-5487\" src=\"https:\/\/blogsaverroes.juntadeandalucia.es\/recursosdematematicas\/files\/2023\/02\/banderas0.png\" alt=\"\" width=\"95\" height=\"320\" srcset=\"https:\/\/blogsaverroes.juntadeandalucia.es\/recursosdematematicas\/files\/2023\/02\/banderas0.png 163w, https:\/\/blogsaverroes.juntadeandalucia.es\/recursosdematematicas\/files\/2023\/02\/banderas0-89x300.png 89w\" sizes=\"(max-width: 95px) 100vw, 95px\" \/><\/p>\n<p style=\"text-align: justify;padding-left: 120px\"><span style=\"font-family: arial, helvetica, sans-serif;font-size: 14pt;color: #008000\">\u2022 A un congreso internacional asisten cient\u00edficos de Espa\u00f1a, Italia y Alemania. Se elige un grupo de cient\u00edficos para realizar un determinado estudio y se observa que, en dicha comisi\u00f3n, todos son espa\u00f1oles menos dos, todos son italianos menos dos y todos son alemanes menos dos. \u00bfCu\u00e1ntas personas de cada pa\u00eds forman la comisi\u00f3n?&nbsp;&nbsp;<\/span><\/p>\n<p style=\"padding-left: 120px;text-align: justify\"><span style=\"font-family: arial, helvetica, sans-serif;font-size: 14pt;color: #008000\">\u2022 A un congreso internacional asisten cient\u00edficos de Espa\u00f1a, Italia, Alemania y Portugal. Se elige un grupo de cient\u00edficos para realizar un determinado estudio y se observa que, en dicha comisi\u00f3n, todos son italianos menos seis, todos son alemanes menos seis y todos son portugueses menos seis. Los dem\u00e1s son espa\u00f1oles. Indica la composici\u00f3n de todas las posibles comisiones.&nbsp;&nbsp;<\/span><\/p>\n<p style=\"text-align: justify;padding-left: 120px\"><span style=\"font-family: arial, helvetica, sans-serif;font-size: 14pt;color: #008000\">\u2022 A un congreso internacional asisten cient\u00edficos de Espa\u00f1a, Italia, Alemania, Portugal y Francia. Se elige un grupo de cient\u00edficos para realizar un determinado estudio y se observa que, en dicha comisi\u00f3n, todos son italianos menos diez, todos son alemanes menos diez, todos son portugueses menos diez y todos son franceses menos diez. Los dem\u00e1s son espa\u00f1oles. Indica la composici\u00f3n de todas las posibles comisiones.&nbsp;&nbsp;<\/span><\/p>\n<p style=\"text-align: justify;padding-left: 280px\">&nbsp;<\/p>\n","protected":false},"excerpt":{"rendered":"<p>\u2022 A un congreso internacional asisten cient\u00edficos de Espa\u00f1a, Italia y Alemania. Se elige un grupo de cient\u00edficos para realizar un determinado estudio y se observa que, en dicha comisi\u00f3n, todos son espa\u00f1oles menos&#46;&#46;&#46;<\/p>\n","protected":false},"author":7927,"featured_media":0,"comment_status":"open","ping_status":"open","sticky":false,"template":"","format":"standard","meta":{"ngg_post_thumbnail":0,"footnotes":""},"categories":[451818],"tags":[],"aioseo_notices":[],"_links":{"self":[{"href":"https:\/\/blogsaverroes.juntadeandalucia.es\/recursosdematematicas\/wp-json\/wp\/v2\/posts\/5429"}],"collection":[{"href":"https:\/\/blogsaverroes.juntadeandalucia.es\/recursosdematematicas\/wp-json\/wp\/v2\/posts"}],"about":[{"href":"https:\/\/blogsaverroes.juntadeandalucia.es\/recursosdematematicas\/wp-json\/wp\/v2\/types\/post"}],"author":[{"embeddable":true,"href":"https:\/\/blogsaverroes.juntadeandalucia.es\/recursosdematematicas\/wp-json\/wp\/v2\/users\/7927"}],"replies":[{"embeddable":true,"href":"https:\/\/blogsaverroes.juntadeandalucia.es\/recursosdematematicas\/wp-json\/wp\/v2\/comments?post=5429"}],"version-history":[{"count":10,"href":"https:\/\/blogsaverroes.juntadeandalucia.es\/recursosdematematicas\/wp-json\/wp\/v2\/posts\/5429\/revisions"}],"predecessor-version":[{"id":5491,"href":"https:\/\/blogsaverroes.juntadeandalucia.es\/recursosdematematicas\/wp-json\/wp\/v2\/posts\/5429\/revisions\/5491"}],"wp:attachment":[{"href":"https:\/\/blogsaverroes.juntadeandalucia.es\/recursosdematematicas\/wp-json\/wp\/v2\/media?parent=5429"}],"wp:term":[{"taxonomy":"category","embeddable":true,"href":"https:\/\/blogsaverroes.juntadeandalucia.es\/recursosdematematicas\/wp-json\/wp\/v2\/categories?post=5429"},{"taxonomy":"post_tag","embeddable":true,"href":"https:\/\/blogsaverroes.juntadeandalucia.es\/recursosdematematicas\/wp-json\/wp\/v2\/tags?post=5429"}],"curies":[{"name":"wp","href":"https:\/\/api.w.org\/{rel}","templated":true}]}}