{"id":7424,"date":"2025-07-02T00:01:15","date_gmt":"2025-07-01T22:01:15","guid":{"rendered":"https:\/\/blogsaverroes.juntadeandalucia.es\/recursosdematematicas\/?p=7424"},"modified":"2025-07-02T07:49:27","modified_gmt":"2025-07-02T05:49:27","slug":"mitad-de-ano","status":"publish","type":"post","link":"https:\/\/blogsaverroes.juntadeandalucia.es\/recursosdematematicas\/mitad-de-ano\/","title":{"rendered":"Mitad del a\u00f1o 2025"},"content":{"rendered":"<p><img loading=\"lazy\" decoding=\"async\" class=\"wp-image-7425 alignleft\" src=\"https:\/\/blogsaverroes.juntadeandalucia.es\/recursosdematematicas\/files\/2025\/06\/02-julio.png\" alt=\"\" width=\"144\" height=\"200\" srcset=\"https:\/\/blogsaverroes.juntadeandalucia.es\/recursosdematematicas\/files\/2025\/06\/02-julio.png 262w, https:\/\/blogsaverroes.juntadeandalucia.es\/recursosdematematicas\/files\/2025\/06\/02-julio-216x300.png 216w\" sizes=\"(max-width: 144px) 100vw, 144px\" \/><\/p>\n<p style=\"padding-left: 160px;text-align: justify\"><span style=\"color: #000000\"><span style=\"font-family: arial, helvetica, sans-serif;font-size: 14pt\">Hoy es <strong>mi\u00e9rcoles 2 de julio de 2025<\/strong>. Hoy es el d\u00eda 183\u00ba, cent\u00e9simo octog\u00e9simo tercer d\u00eda, de un a\u00f1o no bisiesto.&nbsp;<\/span><span style=\"font-family: arial, helvetica, sans-serif;font-size: 14pt\">Hasta hoy han pasado 182 d\u00edas y a partir de hoy quedar\u00e1n 182 d\u00edas por pasar del a\u00f1o 2025. Es decir, nos encontramos en el <strong>d\u00eda central<\/strong> de este a\u00f1o.&nbsp;<\/span><\/span><\/p>\n<p style=\"padding-left: 160px\"><span style=\"font-family: arial, helvetica, sans-serif;font-size: 14pt;color: #000000\">El n\u00famero de d\u00edas de un a\u00f1o no bisiesto, 365, es m\u00faltiplo de 7 m\u00e1s 1:<\/span><\/p>\n<p style=\"text-align: center\"><span style=\"font-family: arial, helvetica, sans-serif;font-size: 14pt;color: #000000\">365 = 52 \u00d7 7 + 1<\/span><\/p>\n<p style=\"text-align: justify\"><span style=\"font-family: arial, helvetica, sans-serif;font-size: 14pt;color: #000000\">Como la semana tiene siete d\u00edas, esta propiedad implica que el a\u00f1o empieza y acaba en el mismo d\u00eda de la semana, en este a\u00f1o en mi\u00e9rcoles. Como adem\u00e1s 365 es un n\u00famero impar, existe solo un d\u00eda central que tambi\u00e9n es mi\u00e9rcoles.<\/span><\/p>\n<p><span style=\"font-family: arial, helvetica, sans-serif;font-size: 14pt;color: #000000\">Han pasado 26 semanas completas y faltan por pasar otras 26 semanas completas.<\/span><\/p>\n<p style=\"text-align: justify\"><strong><span style=\"font-family: arial, helvetica, sans-serif;font-size: 14pt;color: #000000\">\u00bfA qu\u00e9 hora del d\u00eda se produce el momento central de este a\u00f1o?<\/span><\/strong><\/p>\n<p style=\"text-align: justify\"><span style=\"font-family: arial, helvetica, sans-serif;font-size: 14pt;color: #000000\">En Espa\u00f1a, a las dos de la ma\u00f1ana del pasado d\u00eda 30 de marzo, los relojes se adelantaron una hora, por lo que este d\u00eda tuvimos una hora menos. Y a las tres de la madrugada del pr\u00f3ximo 26 de octubre los relojes se atrasar\u00e1n una hora, por lo que este d\u00eda tendremos una hora m\u00e1s.<\/span><\/p>\n<p style=\"text-align: justify\"><span style=\"font-family: arial, helvetica, sans-serif;font-size: 14pt;color: #000000\">Debido a este cambio horario, <strong>el momento central de este a\u00f1o se producir\u00e1 el mi\u00e9rcoles 2 de julio a las 13:00 horas.<\/strong><\/span><\/p>\n<p><span style=\"font-family: arial, helvetica, sans-serif;font-size: 14pt;color: #000000\">En ese instante habr\u00e1n transcurrido y quedar\u00e1n por transcurrir:<\/span><\/p>\n<p style=\"text-align: center\"><span style=\"font-family: arial, helvetica, sans-serif;font-size: 14pt;color: #000000\">26 semanas y 12 horas<\/span><\/p>\n<p style=\"text-align: center\"><span style=\"font-family: arial, helvetica, sans-serif;font-size: 14pt;color: #000000\">182 d\u00edas y 12 horas<\/span><\/p>\n<p style=\"text-align: center\"><span style=\"font-family: arial, helvetica, sans-serif;font-size: 14pt;color: #000000\">4380 horas<\/span><\/p>\n<p style=\"text-align: center\"><span style=\"font-family: arial, helvetica, sans-serif;font-size: 14pt;color: #000000\">262800 minutos<\/span><\/p>\n<p style=\"text-align: center\"><span style=\"font-family: arial, helvetica, sans-serif;font-size: 14pt;color: #000000\">15768000 segundos<\/span><\/p>\n","protected":false},"excerpt":{"rendered":"<p>Hoy es mi\u00e9rcoles 2 de julio de 2025. Hoy es el d\u00eda 183\u00ba, cent\u00e9simo octog\u00e9simo tercer d\u00eda, de un a\u00f1o no bisiesto.&nbsp;Hasta hoy han pasado 182 d\u00edas y a partir de hoy quedar\u00e1n 182&#46;&#46;&#46;<\/p>\n","protected":false},"author":7927,"featured_media":0,"comment_status":"closed","ping_status":"open","sticky":false,"template":"","format":"standard","meta":{"ngg_post_thumbnail":0,"footnotes":""},"categories":[2075233],"tags":[],"aioseo_notices":[],"_links":{"self":[{"href":"https:\/\/blogsaverroes.juntadeandalucia.es\/recursosdematematicas\/wp-json\/wp\/v2\/posts\/7424"}],"collection":[{"href":"https:\/\/blogsaverroes.juntadeandalucia.es\/recursosdematematicas\/wp-json\/wp\/v2\/posts"}],"about":[{"href":"https:\/\/blogsaverroes.juntadeandalucia.es\/recursosdematematicas\/wp-json\/wp\/v2\/types\/post"}],"author":[{"embeddable":true,"href":"https:\/\/blogsaverroes.juntadeandalucia.es\/recursosdematematicas\/wp-json\/wp\/v2\/users\/7927"}],"replies":[{"embeddable":true,"href":"https:\/\/blogsaverroes.juntadeandalucia.es\/recursosdematematicas\/wp-json\/wp\/v2\/comments?post=7424"}],"version-history":[{"count":8,"href":"https:\/\/blogsaverroes.juntadeandalucia.es\/recursosdematematicas\/wp-json\/wp\/v2\/posts\/7424\/revisions"}],"predecessor-version":[{"id":7433,"href":"https:\/\/blogsaverroes.juntadeandalucia.es\/recursosdematematicas\/wp-json\/wp\/v2\/posts\/7424\/revisions\/7433"}],"wp:attachment":[{"href":"https:\/\/blogsaverroes.juntadeandalucia.es\/recursosdematematicas\/wp-json\/wp\/v2\/media?parent=7424"}],"wp:term":[{"taxonomy":"category","embeddable":true,"href":"https:\/\/blogsaverroes.juntadeandalucia.es\/recursosdematematicas\/wp-json\/wp\/v2\/categories?post=7424"},{"taxonomy":"post_tag","embeddable":true,"href":"https:\/\/blogsaverroes.juntadeandalucia.es\/recursosdematematicas\/wp-json\/wp\/v2\/tags?post=7424"}],"curies":[{"name":"wp","href":"https:\/\/api.w.org\/{rel}","templated":true}]}}