{"id":801,"date":"2024-05-24T14:23:38","date_gmt":"2024-05-24T14:23:38","guid":{"rendered":"https:\/\/blogsaverroes.juntadeandalucia.es\/redbecreaalmeria\/?p=801"},"modified":"2024-05-24T14:23:38","modified_gmt":"2024-05-24T14:23:38","slug":"organizacion-y-funcionamiento-de-las-bibliotecas-escolares-2023-2024","status":"publish","type":"post","link":"https:\/\/blogsaverroes.juntadeandalucia.es\/redbecreaalmeria\/2024\/05\/24\/organizacion-y-funcionamiento-de-las-bibliotecas-escolares-2023-2024\/","title":{"rendered":"Organizaci\u00f3n y funcionamiento de las bibliotecas escolares 2023-2024"},"content":{"rendered":"<h3>Plazo, perfil y rutas en S\u00e9neca para cumplimentar la Memoria anual y certificar la participaci\u00f3n<\/h3>\n<h4>1. Plazo<\/h4>\n<p><strong>Desde el 15 de mayo hasta el d\u00eda 30 de junio de 2024<\/strong>&nbsp;estar\u00e1 habilitado en S\u00e9neca el plazo para cumplimentar la Memoria anual y firmar el Acta de certificaci\u00f3n de la participaci\u00f3n.<\/p>\n<p>Solo cumplimentada y validada la Memoria anual, se podr\u00e1 proceder a certificar la participaci\u00f3n.<\/p>\n<p>Antes de firmar el Acta de certificaci\u00f3n conviene revisar bien y, en su caso, actualizar los datos de participantes.<\/p>\n<p>Si es necesario modificar a la persona Responsable, ahora se puede hacer con perfil de Direcci\u00f3n.<\/p>\n<p>Si es necesario modificar o actualizar solamente los datos del profesorado participante en el Equipo de apoyo, se puede hacer tanto con perfil de Direcci\u00f3n como con perfil de Coordinador\/a de Programa Educativo.<\/p>\n<h4>2. Perfil<\/h4>\n<p>Tanto la cumplimentaci\u00f3n de la memoria como la realizaci\u00f3n y firma del acta de certificaci\u00f3n se realizan en S\u00e9neca con&nbsp;<strong>perfil de Coordinador\/a de Programa Educativo.<\/strong><\/p>\n<p>La vigencia de dicho perfil caduca con la finalizaci\u00f3n del a\u00f1o escolar. Por ello hay que respetar los plazos establecidos.<\/p>\n<h4>3. Memoria anual<\/h4>\n<p>La Memoria anual la realiza la persona responsable de la biblioteca escolar con perfil de Coordinador\/a de Programa Educativo.<\/p>\n<p>La&nbsp;<strong>ruta en S\u00e9neca<\/strong>&nbsp;para realizar la Memoria es:<\/p>\n<p>S\u00e9neca\/Centro\/Planes y Programas Educativos\/Vigente\/Organizaci\u00f3n y funcionamiento de bib. esc.\/Memorias anuales\/ Seleccionar a\u00f1o acad\u00e9mico: 2023-2024\/Memoria anual Organizaci\u00f3n y Funcionamiento de las Bibliotecas Escolares del curso 2023\/24\/Cumplimentar\/Aceptar<\/p>\n<p><strong>La cumplimentaci\u00f3n de la Memoria paso a paso<\/strong><br \/>\n&nbsp;<\/p>\n<p><a href=\"https:\/\/www.juntadeandalucia.es\/educacion\/portals\/delegate\/content\/12bda69f-a4eb-4c07-8d57-952e344b39f9\" target=\"_blank\" rel=\"noopener\"><img decoding=\"async\" src=\"https:\/\/www.juntadeandalucia.es\/educacion\/portals\/delegate\/content\/0e81df04-a9ef-4b34-8a61-a1bb9f1563c0\"\/><\/a><\/p>\n<h4>4. Certificaci\u00f3n de la participaci\u00f3n<\/h4>\n<p>El Acta de certificaci\u00f3n de la participaci\u00f3n la realiza en S\u00e9neca la persona responsable de la biblioteca escolar con perfil de Coordinador\/a de Programa Educativo.<\/p>\n<p>Requiere la firma digital de la persona responsable de la biblioteca escolar y el visto bueno, tambi\u00e9n con firma digital, del Director o Directora del centro.<\/p>\n<p>En ning\u00fan caso debe descargarse ni cambiar el nombre del documento.<\/p>\n<p>La ruta para realizarla es:<\/p>\n<p>S\u00e9neca\/Utilidades\/Documentos\/Centro\/Organizaci\u00f3n y funcionamiento de las bibliotecas \/Acta de certificaci\u00f3n de la participaci\u00f3n\/Seleccionar a\u00f1o de participaci\u00f3n: 2023-2024\/ Seleccionar participantes\/Aceptar\/Firmar<\/p>\n<p>Una vez generada y firmada correctamente por la persona responsable de la biblioteca escolar, el Acta pasar\u00e1 a la Bandeja de firmas del Director o Directora del centro, que tendr\u00e1 que darle el visto bueno, firm\u00e1ndola, a su vez, digitalmente.<\/p>\n<p><strong>La firma del Acta de certificaci\u00f3n paso a paso<\/strong><\/p>\n<h4>5. Recepci\u00f3n de certificados individuales de participaci\u00f3n<\/h4>\n<p>En los Servicios Centrales de la Consejer\u00eda de Desarrollo Educativo y Formaci\u00f3n Profesional se generar\u00e1n y firmar\u00e1n digitalmente los certificados individuales de la persona responsable y de los miembros del equipo de apoyo para que tengan validez ante todos los organismos.<\/p>\n<p>El certificado individual de cada docente se podr\u00e1 descargar de S\u00e9neca accediendo con perfil de profesorado a Centro\/Premios y proyectos educativos\/Certificaciones de participaci\u00f3n.<\/p>\n<p>Mas informaci\u00f3n en:&nbsp;<\/p>\n<p><a title=\"Memoria final\" href=\"https:\/\/www.juntadeandalucia.es\/educacion\/portals\/web\/lecturas-bibliotecas-escolares\/novedades\/-\/contenidos\/detalle\/bibliotecas-escolares-2024-memoria-y-certificacion-de-la-participacion\">Memoria final<\/a><\/p>\n<p><a href=\"https:\/\/www.juntadeandalucia.es\/educacion\/portals\/delegate\/content\/f8b9534b-ff15-4a63-9778-ebbbeea0b960\">Tutorial<\/a><\/p>\n<p>&nbsp;<\/p>\n","protected":false},"excerpt":{"rendered":"<p>Plazo, perfil y rutas en S\u00e9neca para cumplimentar la Memoria anual y certificar la participaci\u00f3n 1. Plazo Desde el 15 de mayo hasta el d\u00eda 30 de junio de 2024&nbsp;estar\u00e1 habilitado en S\u00e9neca el&#46;&#46;&#46;<\/p>\n","protected":false},"author":15761,"featured_media":803,"comment_status":"open","ping_status":"open","sticky":false,"template":"","format":"standard","meta":{"ngg_post_thumbnail":0,"footnotes":""},"categories":[5,1],"tags":[],"aioseo_notices":[],"_links":{"self":[{"href":"https:\/\/blogsaverroes.juntadeandalucia.es\/redbecreaalmeria\/wp-json\/wp\/v2\/posts\/801"}],"collection":[{"href":"https:\/\/blogsaverroes.juntadeandalucia.es\/redbecreaalmeria\/wp-json\/wp\/v2\/posts"}],"about":[{"href":"https:\/\/blogsaverroes.juntadeandalucia.es\/redbecreaalmeria\/wp-json\/wp\/v2\/types\/post"}],"author":[{"embeddable":true,"href":"https:\/\/blogsaverroes.juntadeandalucia.es\/redbecreaalmeria\/wp-json\/wp\/v2\/users\/15761"}],"replies":[{"embeddable":true,"href":"https:\/\/blogsaverroes.juntadeandalucia.es\/redbecreaalmeria\/wp-json\/wp\/v2\/comments?post=801"}],"version-history":[{"count":1,"href":"https:\/\/blogsaverroes.juntadeandalucia.es\/redbecreaalmeria\/wp-json\/wp\/v2\/posts\/801\/revisions"}],"predecessor-version":[{"id":805,"href":"https:\/\/blogsaverroes.juntadeandalucia.es\/redbecreaalmeria\/wp-json\/wp\/v2\/posts\/801\/revisions\/805"}],"wp:featuredmedia":[{"embeddable":true,"href":"https:\/\/blogsaverroes.juntadeandalucia.es\/redbecreaalmeria\/wp-json\/wp\/v2\/media\/803"}],"wp:attachment":[{"href":"https:\/\/blogsaverroes.juntadeandalucia.es\/redbecreaalmeria\/wp-json\/wp\/v2\/media?parent=801"}],"wp:term":[{"taxonomy":"category","embeddable":true,"href":"https:\/\/blogsaverroes.juntadeandalucia.es\/redbecreaalmeria\/wp-json\/wp\/v2\/categories?post=801"},{"taxonomy":"post_tag","embeddable":true,"href":"https:\/\/blogsaverroes.juntadeandalucia.es\/redbecreaalmeria\/wp-json\/wp\/v2\/tags?post=801"}],"curies":[{"name":"wp","href":"https:\/\/api.w.org\/{rel}","templated":true}]}}