{"id":425,"date":"2020-03-22T07:22:07","date_gmt":"2020-03-22T06:22:07","guid":{"rendered":"https:\/\/blogsaverroes.juntadeandalucia.es\/gabinetebellasartesgranada\/?p=425"},"modified":"2020-03-22T07:22:07","modified_gmt":"2020-03-22T06:22:07","slug":"ugr-patrimonio","status":"publish","type":"post","link":"https:\/\/blogsaverroes.juntadeandalucia.es\/redcolaboradores\/2020\/03\/22\/ugr-patrimonio\/","title":{"rendered":"UGR Patrimonio"},"content":{"rendered":"<p><img fetchpriority=\"high\" decoding=\"async\" class=\"aligncenter size-medium wp-image-121\" src=\"https:\/\/blogsaverroes.juntadeandalucia.es\/gabinetebellasartesgranada\/files\/2019\/12\/1RBU5mG_400x400-300x300.jpg\" alt=\"\" width=\"300\" height=\"300\"><\/p>\n<p><span style=\"font-family: arial, helvetica, sans-serif;font-size: 12pt\">Desde la creaci\u00f3n del Vicerrectorado de Extensi\u00f3n Universitaria de la UGR, la Instituci\u00f3n participa del panorama art\u00edstico y cultural de la ciudad a trav\u00e9s de diferentes iniciativas como la organizaci\u00f3n de exposiciones en distintos espacios de la Universidad, entre los que destacan La Madraza, el Crucero del Hospital Real, la Corrala de Santiago y el Carmen de la Victoria, espacios expositivo donde se han llevado a cabo muestras de referencia tanto propias como externas, y el incentivo a artistas noveles a trav\u00e9s de los premios a la Creaci\u00f3n Art\u00edstica Alonso Cano.<\/span><\/p>\n<p><span style=\"font-size: 12pt;font-family: arial, helvetica, sans-serif\">Programa educativo: Conferencias, cursos, exposiciones, publicaciones y visitas, talleres y material did\u00e1ctico.<\/span><\/p>\n<p><span style=\"font-family: arial, helvetica, sans-serif;font-size: 12pt\">Complejo Administrativo Triunfo<\/span><br \/>\n<span style=\"font-family: arial, helvetica, sans-serif;font-size: 12pt\">C\/ Cuesta del Hospicio, s\/n<\/span><br \/>\n<span style=\"font-family: arial, helvetica, sans-serif;font-size: 12pt\">18071 Granada<\/span><\/p>\n<p><span style=\"font-family: arial, helvetica, sans-serif;font-size: 12pt\">Secretariado de Bienes Culturales<\/span><br \/>\n<span style=\"font-family: arial, helvetica, sans-serif;font-size: 12pt\">bienesculturales@ugr.es<\/span><\/p>\n<p><span style=\"font-family: arial, helvetica, sans-serif;font-size: 12pt\">Secretariado de Conservaci\u00f3n y Restauraci\u00f3n<\/span><br \/>\n<span style=\"font-family: arial, helvetica, sans-serif;font-size: 12pt\">restauracionugr@ugr.es<\/span><\/p>\n<p><span style=\"font-family: arial, helvetica, sans-serif;font-size: 12pt\">Concertar visitas o talleres:<\/span><br \/>\n<span style=\"font-family: arial, helvetica, sans-serif;font-size: 12pt\"><strong>programaeducativo@ugr.es<\/strong><\/span><\/p>\n","protected":false},"excerpt":{"rendered":"<p>Desde la creaci\u00f3n del Vicerrectorado de Extensi\u00f3n Universitaria de la UGR, la Instituci\u00f3n participa del panorama art\u00edstico y cultural de la ciudad a trav\u00e9s de&hellip;<\/p>\n","protected":false},"author":7990,"featured_media":0,"comment_status":"open","ping_status":"open","sticky":false,"template":"","format":"standard","meta":{"ngg_post_thumbnail":0,"footnotes":""},"categories":[3,6,9,11],"tags":[4,5,10],"aioseo_notices":[],"_links":{"self":[{"href":"https:\/\/blogsaverroes.juntadeandalucia.es\/redcolaboradores\/wp-json\/wp\/v2\/posts\/425"}],"collection":[{"href":"https:\/\/blogsaverroes.juntadeandalucia.es\/redcolaboradores\/wp-json\/wp\/v2\/posts"}],"about":[{"href":"https:\/\/blogsaverroes.juntadeandalucia.es\/redcolaboradores\/wp-json\/wp\/v2\/types\/post"}],"author":[{"embeddable":true,"href":"https:\/\/blogsaverroes.juntadeandalucia.es\/redcolaboradores\/wp-json\/wp\/v2\/users\/7990"}],"replies":[{"embeddable":true,"href":"https:\/\/blogsaverroes.juntadeandalucia.es\/redcolaboradores\/wp-json\/wp\/v2\/comments?post=425"}],"version-history":[{"count":0,"href":"https:\/\/blogsaverroes.juntadeandalucia.es\/redcolaboradores\/wp-json\/wp\/v2\/posts\/425\/revisions"}],"wp:attachment":[{"href":"https:\/\/blogsaverroes.juntadeandalucia.es\/redcolaboradores\/wp-json\/wp\/v2\/media?parent=425"}],"wp:term":[{"taxonomy":"category","embeddable":true,"href":"https:\/\/blogsaverroes.juntadeandalucia.es\/redcolaboradores\/wp-json\/wp\/v2\/categories?post=425"},{"taxonomy":"post_tag","embeddable":true,"href":"https:\/\/blogsaverroes.juntadeandalucia.es\/redcolaboradores\/wp-json\/wp\/v2\/tags?post=425"}],"curies":[{"name":"wp","href":"https:\/\/api.w.org\/{rel}","templated":true}]}}