{"id":2792,"date":"2025-09-10T09:53:17","date_gmt":"2025-09-10T08:53:17","guid":{"rendered":"https:\/\/blogsaverroes.juntadeandalucia.es\/remiguelalvarezsotomayor\/?p=2792"},"modified":"2025-09-10T09:57:36","modified_gmt":"2025-09-10T08:57:36","slug":"2792-2","status":"publish","type":"post","link":"https:\/\/blogsaverroes.juntadeandalucia.es\/remiguelalvarezsotomayor\/2792-2\/","title":{"rendered":"BIENVENIDA CURSO 2025\/2026"},"content":{"rendered":"<p><strong>Estimadas familias:<\/strong><\/p>\n<p>Con la llegada hoy de los alumnos de Primaria y, el pr\u00f3ximo lunes 15, de los de Secundaria Obligatoria y Postobligatoria, damos oficialmente la bienvenida al curso 2025\/2026. Iniciamos as\u00ed una nueva etapa cargada de ilusiones, proyectos y metas compartidas. Queremos que este recorrido est\u00e9 marcado por la creaci\u00f3n de espacios de aprendizaje que impulsen tanto el desarrollo acad\u00e9mico como la formaci\u00f3n personal de nuestro alumnado. En este sentido, las Residencias Escolares contin\u00faan siendo un entorno privilegiado, donde la convivencia diaria fortalece los v\u00ednculos entre estudiantes y educadores, configurando una verdadera comunidad educativa.<\/p>\n<p>Como en cursos anteriores, la atenci\u00f3n a las familias por parte del Equipo Directivo y de los tutores y tutoras podr\u00e1 realizarse mediante medios telem\u00e1ticos, siempre que las circunstancias lo aconsejen. No obstante, seguimos ofreciendo la posibilidad de entrevistas presenciales. Estas podr\u00e1n concertarse, de manera preferente, los viernes de 10:00 a 12:00 horas \u2014franja destinada a tareas tutoriales\u2014 o en otro horario que se acuerde de forma personalizada. Para solicitar cita pueden contactar con el centro a trav\u00e9s del tel\u00e9fono <strong>957 59 66 86<\/strong> o mediante el correo electr\u00f3nico <strong>jefatura.re.sotomayor@gmail.com<\/strong>.<\/p>\n<p>Un curso m\u00e1s, agradecemos profundamente la confianza que depositan en nosotros al encomendarnos la educaci\u00f3n y el cuidado de sus hijos e hijas. Nos comprometemos a mantener una coordinaci\u00f3n constante y eficaz con los centros donde realizan sus estudios, de manera que podamos acompa\u00f1ar su progreso escolar y, al mismo tiempo, apoyar su crecimiento personal.<\/p>\n<p>Recordamos, adem\u00e1s, que toda esta informaci\u00f3n est\u00e1 disponible en nuestras redes sociales oficiales \u2014<strong>Facebook<\/strong> (<a href=\"https:\/\/www.facebook.com\/RRSS.re.sotomayor?utm_source=chatgpt.com\">https:\/\/www.facebook.com\/RRSS.re.sotomayor<\/a>), <strong>Instagram<\/strong> (<a href=\"https:\/\/www.instagram.com\/miguelalvarezdesotomayor\/)%E2%80%94?utm_source=chatgpt.com\">https:\/\/www.instagram.com\/miguelalvarezdesotomayor\/)\u2014<\/a> y en la p\u00e1gina web del centro (<a href=\"https:\/\/blogsaverroes.juntadeandalucia.es\/remiguelalvarezsotomayor\/?utm_source=chatgpt.com\">https:\/\/blogsaverroes.juntadeandalucia.es\/remiguelalvarezsotomayor\/<\/a>).<\/p>\n<p>Con nuestro agradecimiento anticipado por su colaboraci\u00f3n y apoyo, reciban un afectuoso saludo.<\/p>\n<p><strong>La Direcci\u00f3n del Centro<\/strong><br \/>\nResidencia Escolar <em>Miguel \u00c1lvarez de Sotomayor<\/em><\/p>\n<p>&nbsp;<\/p>\n<p><a href=\"https:\/\/blogsaverroes.juntadeandalucia.es\/remiguelalvarezsotomayor\/files\/2025\/09\/WhatsApp-Image-2025-09-01-at-10.18.25.jpeg\"><img loading=\"lazy\" decoding=\"async\" class=\"alignnone size-large wp-image-2793\" src=\"https:\/\/blogsaverroes.juntadeandalucia.es\/remiguelalvarezsotomayor\/files\/2025\/09\/WhatsApp-Image-2025-09-01-at-10.18.25-1024x683.jpeg\" alt=\"\" width=\"1024\" height=\"683\" srcset=\"https:\/\/blogsaverroes.juntadeandalucia.es\/remiguelalvarezsotomayor\/files\/2025\/09\/WhatsApp-Image-2025-09-01-at-10.18.25-1024x683.jpeg 1024w, https:\/\/blogsaverroes.juntadeandalucia.es\/remiguelalvarezsotomayor\/files\/2025\/09\/WhatsApp-Image-2025-09-01-at-10.18.25-300x200.jpeg 300w, https:\/\/blogsaverroes.juntadeandalucia.es\/remiguelalvarezsotomayor\/files\/2025\/09\/WhatsApp-Image-2025-09-01-at-10.18.25-768x512.jpeg 768w, https:\/\/blogsaverroes.juntadeandalucia.es\/remiguelalvarezsotomayor\/files\/2025\/09\/WhatsApp-Image-2025-09-01-at-10.18.25.jpeg 1536w\" sizes=\"(max-width: 1024px) 100vw, 1024px\" \/><\/a><\/p>\n","protected":false},"excerpt":{"rendered":"<p>Estimadas familias: Con la llegada hoy de los alumnos de Primaria y, el pr\u00f3ximo lunes 15, de los de Secundaria Obligatoria y Postobligatoria, damos oficialmente la bienvenida al curso 2025\/2026. Iniciamos as\u00ed una nueva&#46;&#46;&#46;<\/p>\n","protected":false},"author":14746,"featured_media":2794,"comment_status":"closed","ping_status":"open","sticky":false,"template":"","format":"standard","meta":{"ngg_post_thumbnail":0,"footnotes":""},"categories":[9],"tags":[],"aioseo_notices":[],"_links":{"self":[{"href":"https:\/\/blogsaverroes.juntadeandalucia.es\/remiguelalvarezsotomayor\/wp-json\/wp\/v2\/posts\/2792"}],"collection":[{"href":"https:\/\/blogsaverroes.juntadeandalucia.es\/remiguelalvarezsotomayor\/wp-json\/wp\/v2\/posts"}],"about":[{"href":"https:\/\/blogsaverroes.juntadeandalucia.es\/remiguelalvarezsotomayor\/wp-json\/wp\/v2\/types\/post"}],"author":[{"embeddable":true,"href":"https:\/\/blogsaverroes.juntadeandalucia.es\/remiguelalvarezsotomayor\/wp-json\/wp\/v2\/users\/14746"}],"replies":[{"embeddable":true,"href":"https:\/\/blogsaverroes.juntadeandalucia.es\/remiguelalvarezsotomayor\/wp-json\/wp\/v2\/comments?post=2792"}],"version-history":[{"count":3,"href":"https:\/\/blogsaverroes.juntadeandalucia.es\/remiguelalvarezsotomayor\/wp-json\/wp\/v2\/posts\/2792\/revisions"}],"predecessor-version":[{"id":2797,"href":"https:\/\/blogsaverroes.juntadeandalucia.es\/remiguelalvarezsotomayor\/wp-json\/wp\/v2\/posts\/2792\/revisions\/2797"}],"wp:featuredmedia":[{"embeddable":true,"href":"https:\/\/blogsaverroes.juntadeandalucia.es\/remiguelalvarezsotomayor\/wp-json\/wp\/v2\/media\/2794"}],"wp:attachment":[{"href":"https:\/\/blogsaverroes.juntadeandalucia.es\/remiguelalvarezsotomayor\/wp-json\/wp\/v2\/media?parent=2792"}],"wp:term":[{"taxonomy":"category","embeddable":true,"href":"https:\/\/blogsaverroes.juntadeandalucia.es\/remiguelalvarezsotomayor\/wp-json\/wp\/v2\/categories?post=2792"},{"taxonomy":"post_tag","embeddable":true,"href":"https:\/\/blogsaverroes.juntadeandalucia.es\/remiguelalvarezsotomayor\/wp-json\/wp\/v2\/tags?post=2792"}],"curies":[{"name":"wp","href":"https:\/\/api.w.org\/{rel}","templated":true}]}}