{"id":1918,"date":"2023-11-14T09:30:18","date_gmt":"2023-11-14T08:30:18","guid":{"rendered":"https:\/\/blogsaverroes.juntadeandalucia.es\/residenciaescolarmadredelaluz\/?p=1918"},"modified":"2023-11-09T12:36:50","modified_gmt":"2023-11-09T11:36:50","slug":"taller-de-lengua-de-signos","status":"publish","type":"post","link":"https:\/\/blogsaverroes.juntadeandalucia.es\/residenciaescolarmadredelaluz\/taller-de-lengua-de-signos\/","title":{"rendered":"Taller de Lengua de Signos"},"content":{"rendered":"<p><span style=\"font-size: 18pt\">La Asociaci\u00f3n Provincial de Personas Sordas de Almer\u00eda (ASOAL) imparte un taller de introducci\u00f3n a la Lengua de Signos y de sensibilizaci\u00f3n con las personas sordas en la Residencia Escolar \u00abMadre de la Luz\u00bb.<\/span><\/p>\n<p><a href=\"https:\/\/blogsaverroes.juntadeandalucia.es\/residenciaescolarmadredelaluz\/?attachment_id=1924\" rel=\"attachment wp-att-1924\"><img loading=\"lazy\" decoding=\"async\" class=\"aligncenter size-full wp-image-1924\" src=\"https:\/\/blogsaverroes.juntadeandalucia.es\/residenciaescolarmadredelaluz\/files\/2023\/11\/Taller-Lengua-de-Signos.png\" alt=\"\" width=\"1772\" height=\"1181\" srcset=\"https:\/\/blogsaverroes.juntadeandalucia.es\/residenciaescolarmadredelaluz\/files\/2023\/11\/Taller-Lengua-de-Signos.png 1772w, https:\/\/blogsaverroes.juntadeandalucia.es\/residenciaescolarmadredelaluz\/files\/2023\/11\/Taller-Lengua-de-Signos-300x200.png 300w, https:\/\/blogsaverroes.juntadeandalucia.es\/residenciaescolarmadredelaluz\/files\/2023\/11\/Taller-Lengua-de-Signos-1024x682.png 1024w, https:\/\/blogsaverroes.juntadeandalucia.es\/residenciaescolarmadredelaluz\/files\/2023\/11\/Taller-Lengua-de-Signos-768x512.png 768w, https:\/\/blogsaverroes.juntadeandalucia.es\/residenciaescolarmadredelaluz\/files\/2023\/11\/Taller-Lengua-de-Signos-1536x1024.png 1536w\" sizes=\"(max-width: 1772px) 100vw, 1772px\" \/><\/a><\/p>\n","protected":false},"excerpt":{"rendered":"<p>La Asociaci\u00f3n Provincial de Personas Sordas de Almer\u00eda (ASOAL) imparte un taller de introducci\u00f3n a la Lengua de Signos y de sensibilizaci\u00f3n con las personas sordas en la Residencia Escolar \u00abMadre de la Luz\u00bb.<\/p>\n","protected":false},"author":13935,"featured_media":1926,"comment_status":"closed","ping_status":"open","sticky":false,"template":"","format":"standard","meta":{"ngg_post_thumbnail":0,"footnotes":""},"categories":[23,4],"tags":[],"aioseo_notices":[],"post_mailing_queue_ids":[],"_links":{"self":[{"href":"https:\/\/blogsaverroes.juntadeandalucia.es\/residenciaescolarmadredelaluz\/wp-json\/wp\/v2\/posts\/1918"}],"collection":[{"href":"https:\/\/blogsaverroes.juntadeandalucia.es\/residenciaescolarmadredelaluz\/wp-json\/wp\/v2\/posts"}],"about":[{"href":"https:\/\/blogsaverroes.juntadeandalucia.es\/residenciaescolarmadredelaluz\/wp-json\/wp\/v2\/types\/post"}],"author":[{"embeddable":true,"href":"https:\/\/blogsaverroes.juntadeandalucia.es\/residenciaescolarmadredelaluz\/wp-json\/wp\/v2\/users\/13935"}],"replies":[{"embeddable":true,"href":"https:\/\/blogsaverroes.juntadeandalucia.es\/residenciaescolarmadredelaluz\/wp-json\/wp\/v2\/comments?post=1918"}],"version-history":[{"count":4,"href":"https:\/\/blogsaverroes.juntadeandalucia.es\/residenciaescolarmadredelaluz\/wp-json\/wp\/v2\/posts\/1918\/revisions"}],"predecessor-version":[{"id":1923,"href":"https:\/\/blogsaverroes.juntadeandalucia.es\/residenciaescolarmadredelaluz\/wp-json\/wp\/v2\/posts\/1918\/revisions\/1923"}],"wp:featuredmedia":[{"embeddable":true,"href":"https:\/\/blogsaverroes.juntadeandalucia.es\/residenciaescolarmadredelaluz\/wp-json\/wp\/v2\/media\/1926"}],"wp:attachment":[{"href":"https:\/\/blogsaverroes.juntadeandalucia.es\/residenciaescolarmadredelaluz\/wp-json\/wp\/v2\/media?parent=1918"}],"wp:term":[{"taxonomy":"category","embeddable":true,"href":"https:\/\/blogsaverroes.juntadeandalucia.es\/residenciaescolarmadredelaluz\/wp-json\/wp\/v2\/categories?post=1918"},{"taxonomy":"post_tag","embeddable":true,"href":"https:\/\/blogsaverroes.juntadeandalucia.es\/residenciaescolarmadredelaluz\/wp-json\/wp\/v2\/tags?post=1918"}],"curies":[{"name":"wp","href":"https:\/\/api.w.org\/{rel}","templated":true}]}}