{"id":2360,"date":"2020-07-21T06:44:00","date_gmt":"2020-07-21T05:44:00","guid":{"rendered":""},"modified":"2025-03-16T10:32:00","modified_gmt":"2025-03-16T09:32:00","slug":"programa-de-refuerzo-estival-en-nuestro-cole","status":"publish","type":"post","link":"https:\/\/blogsaverroes.juntadeandalucia.es\/retamar\/programa-de-refuerzo-estival-en-nuestro-cole\/","title":{"rendered":"PROGRAMA DE REFUERZO ESTIVAL EN NUESTRO COLE."},"content":{"rendered":"<div style=\"clear: both;text-align: center\">&nbsp;<\/div>\n<div style=\"clear: both;text-align: center\">&nbsp;<\/div>\n<div style=\"clear: both;text-align: center\"><span style=\"color: orange;font-size: large\"><b>Como ya os hemos ido informado<\/b><\/span><\/div>\n<div style=\"clear: both;text-align: center\"><span style=\"font-size: large\"><b>&nbsp;<span style=\"color: blue\">en nuestro centro&nbsp;<\/span><\/b><\/span><\/div>\n<div style=\"clear: both;text-align: center\"><span style=\"color: lime;font-size: large\"><b>se est\u00e1 impartiendo&nbsp;<\/b><\/span><\/div>\n<div style=\"clear: both;text-align: center\"><span style=\"color: magenta;font-size: large\"><b>de forma gratuita<\/b><\/span><\/div>\n<div style=\"clear: both;text-align: center\"><span style=\"color: red;font-size: large\"><b>el Programa de Refuerzo Estival<\/b><\/span><\/div>\n<div style=\"clear: both;text-align: center\"><span style=\"color: blue;font-size: large\"><b>con talleres&nbsp;<\/b><\/span><\/div>\n<div style=\"clear: both;text-align: center\"><span style=\"color: purple;font-size: large\"><b>ling\u00fc\u00edsticos, matem\u00e1ticos,<\/b><\/span><\/div>\n<div style=\"clear: both;text-align: center\"><span style=\"color: #274e13;font-size: large\"><b style=\"background-color: white\">de ingl\u00e9s, l\u00fadicos-deportivos<\/b><\/span><\/div>\n<div style=\"clear: both;text-align: center\"><span style=\"color: magenta;font-size: large\"><b>para el alumnado de Educaci\u00f3n Primaria<\/b><\/span><\/div>\n<div style=\"clear: both;text-align: center\"><b><span style=\"color: yellow;font-size: large\">&nbsp;<\/span><span style=\"color: yellow;font-size: large\">para ello&nbsp;<\/span><\/b><\/div>\n<div style=\"clear: both;text-align: center\"><span style=\"color: purple;font-size: large\"><b>El Fondo Social Europeo&nbsp;<\/b><\/span><\/div>\n<div style=\"clear: both;text-align: center\"><span style=\"color: #0b5394;font-size: large\"><b>invierte en formaci\u00f3n de nuestro centro.<\/b><\/span><\/div>\n<div style=\"clear: both;text-align: center\">&nbsp;<\/div>\n<div style=\"clear: both;text-align: center\"><a style=\"margin-left: 1em;margin-right: 1em\" href=\"https:\/\/blogsaverroes.juntadeandalucia.es\/retamar\/files\/2020\/07\/Captura-2Bde-2Bpantalla-2B2020-07-21-2Ba-2Blas-2B0.13.41.png\"><img loading=\"lazy\" decoding=\"async\" src=\"https:\/\/blogsaverroes.juntadeandalucia.es\/retamar\/files\/2020\/07\/Captura-2Bde-2Bpantalla-2B2020-07-21-2Ba-2Blas-2B0.13.41-210x300.png\" width=\"448\" height=\"640\" border=\"0\" data-original-height=\"635\" data-original-width=\"445\"><\/a><\/div>\n<p>&nbsp;<\/p>\n","protected":false},"excerpt":{"rendered":"<p>&nbsp; &nbsp; Como ya os hemos ido informado &nbsp;en nuestro centro&nbsp; se est\u00e1 impartiendo&nbsp; de forma gratuita el Programa de Refuerzo Estival con talleres&nbsp; ling\u00fc\u00edsticos, matem\u00e1ticos, de ingl\u00e9s, l\u00fadicos-deportivos para el alumnado de Educaci\u00f3n Primaria &nbsp;para ello&nbsp; El Fondo Social&#46;&#46;&#46;<\/p>\n","protected":false},"author":11132,"featured_media":2448,"comment_status":"open","ping_status":"open","sticky":false,"template":"","format":"standard","meta":{"ngg_post_thumbnail":0,"footnotes":""},"categories":[2351675],"tags":[],"aioseo_notices":[],"post_mailing_queue_ids":[],"_links":{"self":[{"href":"https:\/\/blogsaverroes.juntadeandalucia.es\/retamar\/wp-json\/wp\/v2\/posts\/2360"}],"collection":[{"href":"https:\/\/blogsaverroes.juntadeandalucia.es\/retamar\/wp-json\/wp\/v2\/posts"}],"about":[{"href":"https:\/\/blogsaverroes.juntadeandalucia.es\/retamar\/wp-json\/wp\/v2\/types\/post"}],"author":[{"embeddable":true,"href":"https:\/\/blogsaverroes.juntadeandalucia.es\/retamar\/wp-json\/wp\/v2\/users\/11132"}],"replies":[{"embeddable":true,"href":"https:\/\/blogsaverroes.juntadeandalucia.es\/retamar\/wp-json\/wp\/v2\/comments?post=2360"}],"version-history":[{"count":3,"href":"https:\/\/blogsaverroes.juntadeandalucia.es\/retamar\/wp-json\/wp\/v2\/posts\/2360\/revisions"}],"predecessor-version":[{"id":3781,"href":"https:\/\/blogsaverroes.juntadeandalucia.es\/retamar\/wp-json\/wp\/v2\/posts\/2360\/revisions\/3781"}],"wp:featuredmedia":[{"embeddable":true,"href":"https:\/\/blogsaverroes.juntadeandalucia.es\/retamar\/wp-json\/wp\/v2\/media\/2448"}],"wp:attachment":[{"href":"https:\/\/blogsaverroes.juntadeandalucia.es\/retamar\/wp-json\/wp\/v2\/media?parent=2360"}],"wp:term":[{"taxonomy":"category","embeddable":true,"href":"https:\/\/blogsaverroes.juntadeandalucia.es\/retamar\/wp-json\/wp\/v2\/categories?post=2360"},{"taxonomy":"post_tag","embeddable":true,"href":"https:\/\/blogsaverroes.juntadeandalucia.es\/retamar\/wp-json\/wp\/v2\/tags?post=2360"}],"curies":[{"name":"wp","href":"https:\/\/api.w.org\/{rel}","templated":true}]}}