{"id":1692,"date":"2019-10-17T09:39:40","date_gmt":"2019-10-17T09:39:40","guid":{"rendered":"http:\/\/iesvegademijas.es\/revista\/?p=1692"},"modified":"2019-10-17T09:39:40","modified_gmt":"2019-10-17T09:39:40","slug":"erasmus","status":"publish","type":"post","link":"https:\/\/blogsaverroes.juntadeandalucia.es\/revistaivega\/2019\/10\/17\/erasmus\/","title":{"rendered":"ERASMUS+"},"content":{"rendered":"<p><span style=\"font-family: 'times new roman', times, serif\">El IES Vega de Mijas ha sido seleccionado para llevar a cabo varios proyectos de movilidad en la convocatoria 2019. Estos proyectos se pondr\u00e1n en marcha el pr\u00f3ximo curso escolar. Se han ampliado las l\u00edneas de actuaci\u00f3n, con presencia en tres de los cuatro sectores que oferta el SEPIE (Servicio Espa\u00f1ol Para la Internacionalizaci\u00f3n de la Educaci\u00f3n).<\/span><\/p>\n<p><span style=\"font-family: 'times new roman', times, serif\"><strong>Educaci\u00f3n escolar (101):<\/strong> Durante el curso 2019-2020 y 2020-2021, un total de catorce miembros del claustro del centro van a participar en actividades de formaci\u00f3n en distintos pa\u00edses europeos, y de observaci\u00f3n de los distintos sistemas educativos en pa\u00edses de la Uni\u00f3n Europea como Irlanda, Portugal, Grecia, Italia y Alemania.<\/span><\/p>\n<p><span style=\"font-family: 'times new roman', times, serif\"><strong>Educaci\u00f3n superior (103):<\/strong> Desde el curso 2008-09 el centro viene solicitando financiaci\u00f3n para el alumnado y el profesorado del ciclo de grado superior y este a\u00f1o se han concedido 3 movilidades para que el alumnado puedan realizar las pr\u00e1cticas (FCT) en pa\u00edses de la Uni\u00f3n Europea. Los pa\u00edses son Finlandia, Alemania y Holanda.<\/span><\/p>\n<p><span style=\"font-family: 'times new roman', times, serif\">Adem\u00e1s, hemos contactado con 3 centros de Finlandia de Educaci\u00f3n Secundaria y Formaci\u00f3n Profesional en las ciudades de Kouvola, H\u00e4meenlinna y Savonlinna. El pasado mes de enero recibimos la visita de tres profesores de Formaci\u00f3n Profesional del centro Tavastia College de H\u00e4meenlinna donde acoger\u00e1n a cuatro de nuestros alumnos para la realizaci\u00f3n de sus pr\u00e1cticas durante el \u00faltimo trimestre de este curso.<\/span><\/p>\n<p><span style=\"font-family: 'times new roman', times, serif\">En el mes de febrero recibiremos la visita de una profesora del centro de Kouvola ya que acogemos a dos de\u00a0 sus alumnos para realizar sus pr\u00e1cticas en una de las empresas que suele colaborar con nuestro centro para la FCT.<\/span><\/p>\n<p><span style=\"font-family: 'times new roman', times, serif\">Tambi\u00e9n, desde este curso, nuestro centro desarrolla el proyecto KA-102 \u201cNetworking Europe\u201d, junto a otros centros educativos de M\u00e1laga y Granada. La finalidad del proyecto es promover la movilidad del alumnado y del profesorado del ciclo formativo de grado medio. En el curso 2019-2020, un alumno del ciclo formativo de Sistemas Microinform\u00e1ticos y Redes realizar\u00e1 sus pr\u00e1cticas en empresa (FCT) en Florencia (Italia) a partir del mes de marzo. A su vez, durante el mes de mayo, un miembro del profesorado que imparte docencia en los ciclos formativos, realizar\u00e1 una movilidad de una semana de duraci\u00f3n a la misma ciudad. En la actualidad, ya se ha realizado la solicitud junto a dos centros educativos de la provincia, para continuar con el programa en el siguiente curso acad\u00e9mico ampliando el n\u00famero de plazas tanto para el alumnado como para el profesorado.<\/span><\/p>\n<p><span style=\"font-family: 'times new roman', times, serif\">El centro se encuentra a la espera de la resoluci\u00f3n de un proyecto KA2, en el que el IES Vega de Mijas participar\u00e1 como socio, y que est\u00e1 orientado a la movilidad del alumnado. Nuestro centro trabajar\u00e1 sobre el cambio clim\u00e1tico con centros de Alemania, Letonia, Portugal, Italia y Grecia. Para ello se realizar\u00e1n visitas a los diferentes pa\u00edses asociados tanto del profesorado como del alumnado.<\/span><\/p>\n<p><span style=\"font-family: 'times new roman', times, serif\">Los proyectos Erasmus+ inciden positivamente en toda la comunidad educativa de nuestro centro formando al profesorado y ayudando a mejorar los resultados acad\u00e9micos, a atender a la diversidad, a aumentar la motivaci\u00f3n del alumnado y a mejorar sus perspectivas de inserci\u00f3n en el mercado laboral.<\/span><\/p>\n","protected":false},"excerpt":{"rendered":"<p>El IES Vega de Mijas ha sido seleccionado para llevar a cabo varios proyectos de movilidad en la convocatoria 2019. Estos proyectos se pondr\u00e1n en marcha el pr\u00f3ximo curso escolar. Se han ampliado las&#46;&#46;&#46;<\/p>\n","protected":false},"author":16445,"featured_media":1696,"comment_status":"open","ping_status":"closed","sticky":false,"template":"","format":"standard","meta":{"ngg_post_thumbnail":0,"footnotes":""},"categories":[7],"tags":[],"aioseo_notices":[],"_links":{"self":[{"href":"https:\/\/blogsaverroes.juntadeandalucia.es\/revistaivega\/wp-json\/wp\/v2\/posts\/1692"}],"collection":[{"href":"https:\/\/blogsaverroes.juntadeandalucia.es\/revistaivega\/wp-json\/wp\/v2\/posts"}],"about":[{"href":"https:\/\/blogsaverroes.juntadeandalucia.es\/revistaivega\/wp-json\/wp\/v2\/types\/post"}],"author":[{"embeddable":true,"href":"https:\/\/blogsaverroes.juntadeandalucia.es\/revistaivega\/wp-json\/wp\/v2\/users\/16445"}],"replies":[{"embeddable":true,"href":"https:\/\/blogsaverroes.juntadeandalucia.es\/revistaivega\/wp-json\/wp\/v2\/comments?post=1692"}],"version-history":[{"count":0,"href":"https:\/\/blogsaverroes.juntadeandalucia.es\/revistaivega\/wp-json\/wp\/v2\/posts\/1692\/revisions"}],"wp:featuredmedia":[{"embeddable":true,"href":"https:\/\/blogsaverroes.juntadeandalucia.es\/revistaivega\/wp-json\/"}],"wp:attachment":[{"href":"https:\/\/blogsaverroes.juntadeandalucia.es\/revistaivega\/wp-json\/wp\/v2\/media?parent=1692"}],"wp:term":[{"taxonomy":"category","embeddable":true,"href":"https:\/\/blogsaverroes.juntadeandalucia.es\/revistaivega\/wp-json\/wp\/v2\/categories?post=1692"},{"taxonomy":"post_tag","embeddable":true,"href":"https:\/\/blogsaverroes.juntadeandalucia.es\/revistaivega\/wp-json\/wp\/v2\/tags?post=1692"}],"curies":[{"name":"wp","href":"https:\/\/api.w.org\/{rel}","templated":true}]}}