{"id":180,"date":"2019-01-14T08:37:05","date_gmt":"2019-01-14T08:37:05","guid":{"rendered":"http:\/\/iesvegademijas.es\/revista\/?p=180"},"modified":"2019-01-14T08:37:05","modified_gmt":"2019-01-14T08:37:05","slug":"proyecto-integra","status":"publish","type":"post","link":"https:\/\/blogsaverroes.juntadeandalucia.es\/revistaivega\/2019\/01\/14\/proyecto-integra\/","title":{"rendered":"Proyecto Integra"},"content":{"rendered":"\n<p>Por Francisca M\u00e1rquez Alcaide<\/p>\n\n\n\n<ul class=\"wp-block-gallery columns-2 is-cropped wp-block-gallery-1 is-layout-flex wp-block-gallery-is-layout-flex\">\n<li class=\"blocks-gallery-item\">\n<figure><img decoding=\"async\" class=\"wp-image-356\" src=\"http:\/\/iesvegademijas.es\/revista\/wp-content\/uploads\/2019\/01\/IMG-20190116-WA0009-1024x768.jpg\" alt=\"\" data-id=\"356\" \/><\/figure>\n<\/li>\n<li class=\"blocks-gallery-item\">\n<figure><img decoding=\"async\" class=\"wp-image-358\" src=\"http:\/\/iesvegademijas.es\/revista\/wp-content\/uploads\/2019\/01\/IMG-20190116-WA0008-1-1024x768.jpg\" alt=\"\" data-id=\"358\" data-link=\"http:\/\/iesvegademijas.es\/revista\/?attachment_id=358\" \/><\/figure>\n<\/li>\n<\/ul>\n\n\n\n<p>En este curso 2018\/2019 se est\u00e1 llevando a cabo por primera vez en nuestro centro el Proyecto Integra coordinado por los Departamentos de Filosof\u00eda y Convivencia. Es un proyecto voluntario para aquellos alumnos de 2\u00ba Bachillerato que cursan la materia de Psicolog\u00eda y que quieran ayudar a esos alumnos de la E.S.O. que necesitan atenci\u00f3n para tratar de mejorar su rendimiento y comportamiento en el Instituto.<\/p>\n\n\n\n<p>Os dejamos aqu\u00ed las valoraciones personales que han hecho algunos de los alumnos implicados en el proyecto:<\/p>\n\n\n\n<p>Adriana Valenzuela \u00c1lvarez. 2\u00b0Bach B<\/p>\n\n\n\n<p>El proyecto Integra es una de las mejores experiencias que estoy viviendo en este instituto. Este proyecto consiste en ayudar a otras personas y ver su evoluci\u00f3n, c\u00f3mo antes ten\u00eda una forma de ser y c\u00f3mo va cambiando poco a poco. Pero tambi\u00e9n sirve para que cambies t\u00fa mismo y as\u00ed darte cuenta de las cosas a las que en una situaci\u00f3n normal no les har\u00edamos caso o simplemente calificar\u00edamos de una manera. Si haces este proyecto junto a otra persona, es bonito ver c\u00f3mo nos complementamos y buscamos soluciones a los problemas que se nos plantean hasta poder resolverlos. Queda todav\u00eda mucho trabajo y personas a las que ayudar as\u00ed que, si este proyecto sigue, podremos cambiar la vida de muchas personas y siempre para mejor.<\/p>\n\n\n\n<p>&nbsp;<\/p>\n\n\n\n<p>Laura Lidia Bonora 2\u00b0bachillerato A<\/p>\n\n\n\n<p>Participar en el proyecto integra es una experiencia muy bonita y enriquecedora a la vez. Al principio todo es un caos, no hay compenetraci\u00f3n, ni entendimiento por parte de los integrantes del proyecto pero, poco a poco, se ha ido formando un v\u00ednculo entre las parejas que participan. Cada d\u00eda percibes m\u00e1s c\u00f3mo los alumnos asignados valoran el proyecto y demuestran sus sentimientos. Pero lo que m\u00e1s sentimiento provoca es ver c\u00f3mo estos alumnos mejoran cada d\u00eda y eso te alegra al m\u00e1ximo, no por pensar que est\u00e1s haciendo un buen trabajo, sino porque de verdad te alegras de que esa persona supere sus metas.<\/p>\n\n\n\n<p>&nbsp;<\/p>\n\n\n\n<p>Sim\u00f3n Esteban Fern\u00e1ndez. 2\u00ba Bachillerato A<\/p>\n\n\n\n<p>Al principio fue raro, muy raro. Te asignan a un chaval que no conoces de nada para hacer de su tutor cuando lo m\u00e1s seguro es que le importes una mierda. Lo llamas con miedo, pensando que va a ser un bala perdida y que no te va a apoyar en nada del proyecto y cuando menos te lo esperas te das cuenta de que en el fondo le est\u00e1s haciendo un favor, no solo sac\u00e1ndolo de la clase todos los viernes sino siendo un punto de escucha; eso es todo lo que necesitan, alguien que les escuche. D\u00eda a d\u00eda vais haciendo actividades que te inventas porque no tienes ni idea de qu\u00e9 hacer, juegas a ser hermano mayor o psic\u00f3logo cuando solo tienes que jugar a ser humano y hablar con el chaval sobre sus mierdas y las tuyas para coger confianza y que se desahogue y se exprese, expresarse es dif\u00edcil. Al final te acaba cogiendo confianza y te busca para que vayas a hablar y a contarte sus confidencias, muy bonito todo, pero raro, raro de cojones.<\/p>\n\n\n\n<p>&nbsp;<\/p>\n\n\n\n<p>Dustin \u00c1lvarez \u00c1lvarez. 2\u00ba Bachillerato A<\/p>\n\n\n\n<p>A d\u00eda de hoy, estoy muy satisfecho de haber levantado la mano el d\u00eda que Paqui pregunt\u00f3 qui\u00e9n quer\u00eda participar. Me alegro de poder estar en algo tan bonito como este proyecto, y poder ayudar a mi chico con todos sus problemas. Es cierto que hay que trabajar bastante para poder encontrar diversas actividades para enfocar el problema de cada peque\u00f1o, pero me hace sentir muy feliz el hecho de intentar ayudar a que alguien salga a flote. Con mi chico me llevo genial y tenemos mucho en com\u00fan, pero l\u00f3gicamente lo m\u00e1s importante es que creo que tiene muchas posibilidades de salir de esos problemas que tiene. Para m\u00ed, es alguien bastante especial y \u00fanico e incluso me hizo \u2018\u2019feliz\u2019\u2019 que me contara sus problemas tan r\u00e1pidamente, porque yo era alguien que \u00e9l no conoc\u00eda y el contarme cosas tan importantes en su vida fue muy emocionante. Al fin y al cabo, pienso que esto es mucho m\u00e1s que un proyecto, ya que desde mi punto de vista, no simplemente ayudamos a unos chicos a intentar solucionar sus problemas, sino que nosotros mismos conseguimos evolucionar como personas a medida que ellos superan todas sus dificultades y progresan, y eso es simplemente incre\u00edble.<\/p>\n\n\n\n<p>&nbsp;<\/p>\n\n\n\n<p>Ana Ruiz 2\u00ba Bachillerato C<\/p>\n\n\n\n<p>Durante las tres semanas de sesi\u00f3n con Ana he aprendido a valorar m\u00e1s las cosas, las personas de mi alrededor, el cari\u00f1o que me muestran, tener una familia estructurada, vivir feliz y darme cuenta de que, en realidad, mis preocupaciones son insignificantes. He aprendido, a\u00fan m\u00e1s si cabe, a escuchar, dedicarme \u00fanicamente a que ella me cuente sin necesidad de tener que formular ninguna pregunta. Son tantos los valores que se pueden aprender escuchando a otra persona&#8230; He de confesar que he tenido momentos de tener que aguantarme la l\u00e1grima, pero siempre ver\u00e1 en m\u00ed una actitud firme, relajada, siempre para que ella se encuentre muy c\u00f3moda. El proyecto, sin duda, har\u00e1 que gane mucho m\u00e1s como persona, aprender a agradecer lo que tengo. Me siento muy satisfecha con el trabajo que realizo cada semana con ella y no hay mejor recompensa que saber que, aunque sea un poquito, ese d\u00eda la has ayudado.<\/p>\n","protected":false},"excerpt":{"rendered":"<p>Por Francisca M\u00e1rquez Alcaide En este curso 2018\/2019 se est\u00e1 llevando a cabo por primera vez en nuestro centro el Proyecto Integra coordinado por los Departamentos de Filosof\u00eda y Convivencia. Es un proyecto voluntario&#46;&#46;&#46;<\/p>\n","protected":false},"author":16445,"featured_media":496,"comment_status":"open","ping_status":"closed","sticky":false,"template":"","format":"standard","meta":{"ngg_post_thumbnail":0,"footnotes":""},"categories":[16],"tags":[],"aioseo_notices":[],"_links":{"self":[{"href":"https:\/\/blogsaverroes.juntadeandalucia.es\/revistaivega\/wp-json\/wp\/v2\/posts\/180"}],"collection":[{"href":"https:\/\/blogsaverroes.juntadeandalucia.es\/revistaivega\/wp-json\/wp\/v2\/posts"}],"about":[{"href":"https:\/\/blogsaverroes.juntadeandalucia.es\/revistaivega\/wp-json\/wp\/v2\/types\/post"}],"author":[{"embeddable":true,"href":"https:\/\/blogsaverroes.juntadeandalucia.es\/revistaivega\/wp-json\/wp\/v2\/users\/16445"}],"replies":[{"embeddable":true,"href":"https:\/\/blogsaverroes.juntadeandalucia.es\/revistaivega\/wp-json\/wp\/v2\/comments?post=180"}],"version-history":[{"count":0,"href":"https:\/\/blogsaverroes.juntadeandalucia.es\/revistaivega\/wp-json\/wp\/v2\/posts\/180\/revisions"}],"wp:featuredmedia":[{"embeddable":true,"href":"https:\/\/blogsaverroes.juntadeandalucia.es\/revistaivega\/wp-json\/"}],"wp:attachment":[{"href":"https:\/\/blogsaverroes.juntadeandalucia.es\/revistaivega\/wp-json\/wp\/v2\/media?parent=180"}],"wp:term":[{"taxonomy":"category","embeddable":true,"href":"https:\/\/blogsaverroes.juntadeandalucia.es\/revistaivega\/wp-json\/wp\/v2\/categories?post=180"},{"taxonomy":"post_tag","embeddable":true,"href":"https:\/\/blogsaverroes.juntadeandalucia.es\/revistaivega\/wp-json\/wp\/v2\/tags?post=180"}],"curies":[{"name":"wp","href":"https:\/\/api.w.org\/{rel}","templated":true}]}}