{"id":2020,"date":"2020-11-24T19:15:17","date_gmt":"2020-11-24T19:15:17","guid":{"rendered":"http:\/\/iesvegademijas.es\/revista\/?p=2020"},"modified":"2020-11-24T19:15:17","modified_gmt":"2020-11-24T19:15:17","slug":"el-mito-de-la-caverna-representado-en-un-dibujo","status":"publish","type":"post","link":"https:\/\/blogsaverroes.juntadeandalucia.es\/revistaivega\/2020\/11\/24\/el-mito-de-la-caverna-representado-en-un-dibujo\/","title":{"rendered":"EL MITO DE LA CAVERNA REPRESENTADO EN UN DIBUJO"},"content":{"rendered":"<p><img loading=\"lazy\" decoding=\"async\" class=\" wp-image-2023 alignright\" src=\"http:\/\/iesvegademijas.es\/revista\/wp-content\/uploads\/2020\/11\/El-mito-de-la-caverna-15-oct-2020-23-36-211x300.png\" alt=\"\" width=\"390\" height=\"554\" \/><\/p>\n\n<p><em>Por Laura Moreno (2\u00ba Bachillerato)<\/em><\/p>\n<p>Este dibujo es mi representaci\u00f3n del mito de la caverna de Plat\u00f3n, una alegor\u00eda que intenta explicar el mundo de las ideas.<br \/><br \/>La calavera nos representa a nosotros. Nuestro, mundo tal y como lo conocemos, ser\u00eda el interior de la caja que est\u00e1 en los ojos de esta dej\u00e1ndole eso como \u00fanica visi\u00f3n. Es decir, lo que Plat\u00f3n interpretar\u00eda que es simplemente un espejismo y no la realidad, dicho en otras palabras, lo que ser\u00eda el interior de la caverna si hacemos referencia al mito.<br \/>Todo lo colorido que la rodea ser\u00eda el mundo de las ideas, lo que para Plat\u00f3n es la verdad. Al contrario que el mundo sensible que es solo una recreaci\u00f3n del primer mundo mencionado (la caja), las ideas son \u00fanicas, eternas e inmutables y solo se pueden percibir mediante la raz\u00f3n o el pensamiento.<br \/><br \/><br \/>Esta idea plat\u00f3nica es muy interesante y es un concepto que podemos asociar a otros aspectos de nuestra vida, porque como en el mito, muchas veces, si salimos de nuestra zona de confort, eso nos ayuda a abrir nuestra mente y a hacer m\u00e1s amplia nuestra visi\u00f3n de la verdad ya que, como dijo Plat\u00f3n: \u201cel conocimiento es la raz\u00f3n cierta \u201d.<\/p>\n","protected":false},"excerpt":{"rendered":"<p>Por Laura Moreno (2\u00ba Bachillerato) Este dibujo es mi representaci\u00f3n del mito de la caverna de Plat\u00f3n, una alegor\u00eda que intenta explicar el mundo de las ideas. La calavera nos representa a nosotros. Nuestro,&#46;&#46;&#46;<\/p>\n","protected":false},"author":16445,"featured_media":2023,"comment_status":"open","ping_status":"closed","sticky":false,"template":"","format":"standard","meta":{"ngg_post_thumbnail":0,"footnotes":""},"categories":[58],"tags":[56,57],"aioseo_notices":[],"_links":{"self":[{"href":"https:\/\/blogsaverroes.juntadeandalucia.es\/revistaivega\/wp-json\/wp\/v2\/posts\/2020"}],"collection":[{"href":"https:\/\/blogsaverroes.juntadeandalucia.es\/revistaivega\/wp-json\/wp\/v2\/posts"}],"about":[{"href":"https:\/\/blogsaverroes.juntadeandalucia.es\/revistaivega\/wp-json\/wp\/v2\/types\/post"}],"author":[{"embeddable":true,"href":"https:\/\/blogsaverroes.juntadeandalucia.es\/revistaivega\/wp-json\/wp\/v2\/users\/16445"}],"replies":[{"embeddable":true,"href":"https:\/\/blogsaverroes.juntadeandalucia.es\/revistaivega\/wp-json\/wp\/v2\/comments?post=2020"}],"version-history":[{"count":0,"href":"https:\/\/blogsaverroes.juntadeandalucia.es\/revistaivega\/wp-json\/wp\/v2\/posts\/2020\/revisions"}],"wp:featuredmedia":[{"embeddable":true,"href":"https:\/\/blogsaverroes.juntadeandalucia.es\/revistaivega\/wp-json\/"}],"wp:attachment":[{"href":"https:\/\/blogsaverroes.juntadeandalucia.es\/revistaivega\/wp-json\/wp\/v2\/media?parent=2020"}],"wp:term":[{"taxonomy":"category","embeddable":true,"href":"https:\/\/blogsaverroes.juntadeandalucia.es\/revistaivega\/wp-json\/wp\/v2\/categories?post=2020"},{"taxonomy":"post_tag","embeddable":true,"href":"https:\/\/blogsaverroes.juntadeandalucia.es\/revistaivega\/wp-json\/wp\/v2\/tags?post=2020"}],"curies":[{"name":"wp","href":"https:\/\/api.w.org\/{rel}","templated":true}]}}