{"id":2252,"date":"2021-01-18T20:23:48","date_gmt":"2021-01-18T20:23:48","guid":{"rendered":"http:\/\/iesvegademijas.es\/revista\/?p=2252"},"modified":"2021-01-18T20:23:48","modified_gmt":"2021-01-18T20:23:48","slug":"colaborando-en-silencio","status":"publish","type":"post","link":"https:\/\/blogsaverroes.juntadeandalucia.es\/revistaivega\/2021\/01\/18\/colaborando-en-silencio\/","title":{"rendered":"COLABORANDO EN SILENCIO"},"content":{"rendered":"<p data-adtags-visited=\"true\">Todos sabemos la importancia que tiene trabajar en silencio para poder concentrarse en lo que queremos hacer bien. Pues aqu\u00ed tenemos un ejemplo que la profesora de nuestro centro, Esther L\u00f3pez Calder\u00f3n, nos relata y que comparte con nosotros para saber c\u00f3mo trabajar en silencio. Es una actividad que ha llevado a cabo con su Tutor\u00eda que nos cuenta a continuaci\u00f3n y que dedica a sus alumnos:<\/p>\n<p data-adtags-visited=\"true\">Uno de los retos de este curso en mi Tutor\u00eda es conseguir trabajar en silencio\u2026 No os voy a enga\u00f1ar, est\u00e1 siendo muy duro conseguirlo, pero hay d\u00edas en los que, desde luego, demostr\u00e1is que pod\u00e9is, est\u00e1 claro.<\/p>\n<p data-adtags-visited=\"true\">Esta ma\u00f1ana ha sido uno de estos d\u00edas. Hemos usado la primera y la \u00faltima hora de clase para llevar a cabo esta actividad en equipos y en total silencio y, por supuesto, con las mascarillas bien ajustadas ;P . Solo pod\u00edais comunicaros por escrito y con gestos para resolver 4 pruebas y as\u00ed conseguir el premio. El ganador ser\u00eda el equipo que resolviera las pruebas correctamente y m\u00e1s r\u00e1pido. Sin embargo, todos, absolutamente todos, hab\u00e9is logrado superar el reto de hacerlo en silencio. Y que conste, lo hab\u00e9is logrado tanto a primera hora (que siempre est\u00e1is m\u00e1s calladitos), como a \u00faltima hora (\u00a1\u00a1y de un viernes antes de un puente!!).<\/p>\n<p data-adtags-visited=\"true\">En fin, \u00a1qu\u00e9 os puedo decir!: M\u00e1s orgullosa no me puedo sentir de vosotros. Me lo he pasado \u201cpipa\u201d viendo c\u00f3mo trabajabais. Si alguno de mayor se hace \u201cprofe\u201d, entender\u00e9is c\u00f3mo momentos como el de esta ma\u00f1ana te pueden hacer sentir tan feliz. As\u00ed que, por vuestro esfuerzo y por conseguirlo: GRACIAS, MUCH\u00cdSIMAS GRACIAS.<\/p>\n<p data-adtags-visited=\"true\">No me ha importado dedicar gran parte de esta tarde de viernes montando este peque\u00f1o v\u00eddeo que os sirva de recuerdo. Espero que os guste.<\/p>\n<p><iframe loading=\"lazy\" title=\"COLABORANDO EN SILENCIO\" width=\"500\" height=\"281\" src=\"https:\/\/www.youtube.com\/embed\/4OQKgjlFI6U?feature=oembed&#038;wmode=opaque\" frameborder=\"0\" allow=\"accelerometer; autoplay; clipboard-write; encrypted-media; gyroscope; picture-in-picture\" allowfullscreen><\/iframe><\/p>\n","protected":false},"excerpt":{"rendered":"<p>Todos sabemos la importancia que tiene trabajar en silencio para poder concentrarse en lo que queremos hacer bien. Pues aqu\u00ed tenemos un ejemplo que la profesora de nuestro centro, Esther L\u00f3pez Calder\u00f3n, nos relata&#46;&#46;&#46;<\/p>\n","protected":false},"author":16445,"featured_media":2254,"comment_status":"open","ping_status":"closed","sticky":false,"template":"","format":"standard","meta":{"ngg_post_thumbnail":0,"footnotes":""},"categories":[39,14],"tags":[],"aioseo_notices":[],"_links":{"self":[{"href":"https:\/\/blogsaverroes.juntadeandalucia.es\/revistaivega\/wp-json\/wp\/v2\/posts\/2252"}],"collection":[{"href":"https:\/\/blogsaverroes.juntadeandalucia.es\/revistaivega\/wp-json\/wp\/v2\/posts"}],"about":[{"href":"https:\/\/blogsaverroes.juntadeandalucia.es\/revistaivega\/wp-json\/wp\/v2\/types\/post"}],"author":[{"embeddable":true,"href":"https:\/\/blogsaverroes.juntadeandalucia.es\/revistaivega\/wp-json\/wp\/v2\/users\/16445"}],"replies":[{"embeddable":true,"href":"https:\/\/blogsaverroes.juntadeandalucia.es\/revistaivega\/wp-json\/wp\/v2\/comments?post=2252"}],"version-history":[{"count":0,"href":"https:\/\/blogsaverroes.juntadeandalucia.es\/revistaivega\/wp-json\/wp\/v2\/posts\/2252\/revisions"}],"wp:featuredmedia":[{"embeddable":true,"href":"https:\/\/blogsaverroes.juntadeandalucia.es\/revistaivega\/wp-json\/"}],"wp:attachment":[{"href":"https:\/\/blogsaverroes.juntadeandalucia.es\/revistaivega\/wp-json\/wp\/v2\/media?parent=2252"}],"wp:term":[{"taxonomy":"category","embeddable":true,"href":"https:\/\/blogsaverroes.juntadeandalucia.es\/revistaivega\/wp-json\/wp\/v2\/categories?post=2252"},{"taxonomy":"post_tag","embeddable":true,"href":"https:\/\/blogsaverroes.juntadeandalucia.es\/revistaivega\/wp-json\/wp\/v2\/tags?post=2252"}],"curies":[{"name":"wp","href":"https:\/\/api.w.org\/{rel}","templated":true}]}}