{"id":2268,"date":"2021-02-16T21:33:36","date_gmt":"2021-02-16T21:33:36","guid":{"rendered":"http:\/\/iesvegademijas.es\/revista\/?p=2268"},"modified":"2021-02-16T21:33:36","modified_gmt":"2021-02-16T21:33:36","slug":"perspectivas-de-la-libertad-de-expresion","status":"publish","type":"post","link":"https:\/\/blogsaverroes.juntadeandalucia.es\/revistaivega\/2021\/02\/16\/perspectivas-de-la-libertad-de-expresion\/","title":{"rendered":"PERSPECTIVAS DE LA LIBERTAD DE EXPRESI\u00d3N"},"content":{"rendered":"<p>Los alumnos de 4\u00ba de ESO C del IES Vega de Mijas han trabajado el valor de la libertad de expresi\u00f3n en la materia de Valores \u00c9ticos con la profesora Paqui M\u00e1rquez y aqu\u00ed nos dejan dos v\u00eddeos muy interesantes: uno sobre el reciente asalto al capitolio y otro sobre una recomendaci\u00f3n literaria de una obra muy interesante. Agradecemos a estos dos alumnos su trabajo. Ellos son Haiwei Zhang y Laura G\u00f3mez.<\/p>\n<div style=\"width: 640px;\" class=\"wp-video\"><!--[if lt IE 9]><script>document.createElement('video');<\/script><![endif]-->\n<video class=\"wp-video-shortcode\" id=\"video-2268-1\" width=\"640\" height=\"352\" preload=\"metadata\" controls=\"controls\"><source type=\"video\/mp4\" src=\"http:\/\/iesvegademijas.es\/revista\/wp-content\/uploads\/2021\/02\/Vdeo-de-Farenheit-451.mp4.mp4?_=1\" \/><a href=\"http:\/\/iesvegademijas.es\/revista\/wp-content\/uploads\/2021\/02\/Vdeo-de-Farenheit-451.mp4.mp4\">http:\/\/iesvegademijas.es\/revista\/wp-content\/uploads\/2021\/02\/Vdeo-de-Farenheit-451.mp4.mp4<\/a><\/video><\/div>\n<div style=\"width: 1920px;\" class=\"wp-video\"><video class=\"wp-video-shortcode\" id=\"video-2268-2\" width=\"1920\" height=\"1080\" preload=\"metadata\" controls=\"controls\"><source type=\"video\/mp4\" src=\"http:\/\/iesvegademijas.es\/revista\/wp-content\/uploads\/2021\/02\/Asalto-capitolio.mp4.mp4?_=2\" \/><a href=\"http:\/\/iesvegademijas.es\/revista\/wp-content\/uploads\/2021\/02\/Asalto-capitolio.mp4.mp4\">http:\/\/iesvegademijas.es\/revista\/wp-content\/uploads\/2021\/02\/Asalto-capitolio.mp4.mp4<\/a><\/video><\/div>\n","protected":false},"excerpt":{"rendered":"<p>Los alumnos de 4\u00ba de ESO C del IES Vega de Mijas han trabajado el valor de la libertad de expresi\u00f3n en la materia de Valores \u00c9ticos con la profesora Paqui M\u00e1rquez y aqu\u00ed&#46;&#46;&#46;<\/p>\n","protected":false},"author":16445,"featured_media":2274,"comment_status":"open","ping_status":"closed","sticky":false,"template":"","format":"standard","meta":{"ngg_post_thumbnail":0,"footnotes":""},"categories":[39,42,49,14,79,58,51],"tags":[],"aioseo_notices":[],"_links":{"self":[{"href":"https:\/\/blogsaverroes.juntadeandalucia.es\/revistaivega\/wp-json\/wp\/v2\/posts\/2268"}],"collection":[{"href":"https:\/\/blogsaverroes.juntadeandalucia.es\/revistaivega\/wp-json\/wp\/v2\/posts"}],"about":[{"href":"https:\/\/blogsaverroes.juntadeandalucia.es\/revistaivega\/wp-json\/wp\/v2\/types\/post"}],"author":[{"embeddable":true,"href":"https:\/\/blogsaverroes.juntadeandalucia.es\/revistaivega\/wp-json\/wp\/v2\/users\/16445"}],"replies":[{"embeddable":true,"href":"https:\/\/blogsaverroes.juntadeandalucia.es\/revistaivega\/wp-json\/wp\/v2\/comments?post=2268"}],"version-history":[{"count":0,"href":"https:\/\/blogsaverroes.juntadeandalucia.es\/revistaivega\/wp-json\/wp\/v2\/posts\/2268\/revisions"}],"wp:featuredmedia":[{"embeddable":true,"href":"https:\/\/blogsaverroes.juntadeandalucia.es\/revistaivega\/wp-json\/"}],"wp:attachment":[{"href":"https:\/\/blogsaverroes.juntadeandalucia.es\/revistaivega\/wp-json\/wp\/v2\/media?parent=2268"}],"wp:term":[{"taxonomy":"category","embeddable":true,"href":"https:\/\/blogsaverroes.juntadeandalucia.es\/revistaivega\/wp-json\/wp\/v2\/categories?post=2268"},{"taxonomy":"post_tag","embeddable":true,"href":"https:\/\/blogsaverroes.juntadeandalucia.es\/revistaivega\/wp-json\/wp\/v2\/tags?post=2268"}],"curies":[{"name":"wp","href":"https:\/\/api.w.org\/{rel}","templated":true}]}}