{"id":2382,"date":"2021-04-02T20:56:18","date_gmt":"2021-04-02T20:56:18","guid":{"rendered":"http:\/\/iesvegademijas.es\/revista\/?p=2382"},"modified":"2021-04-02T20:56:18","modified_gmt":"2021-04-02T20:56:18","slug":"la-adolescencia","status":"publish","type":"post","link":"https:\/\/blogsaverroes.juntadeandalucia.es\/revistaivega\/2021\/04\/02\/la-adolescencia\/","title":{"rendered":"LA ADOLESCENCIA"},"content":{"rendered":"\n<p>Todos sabemos que la adolescencia es una de las etapas m\u00e1s dif\u00edciles de nuestra vida, ya que es el momento en que nos descubrimos y definimos a nosotros mismos. Es cuando vamos encontrando las cosas que nos gustan y las que no, el tipo de persona con quien queremos estar, nos empezamos a criticar a nosotros mismos, etc.<br \/><br \/>Es duro porque te das cuenta de muchas cosas que en la infancia no ve\u00edas, pero tambi\u00e9n se puede aprender much\u00edsimo en la adolescencia y eso es una gran ventaja para nosotros.<br \/><br \/>Es muy importante tener autoestima y much\u00edsima personalidad en ese periodo de tiempo, porque si no te quieres a ti mismo y no lo demuestras te puedes hacer da\u00f1o t\u00fa y los dem\u00e1s tambi\u00e9n te pueden hacer da\u00f1o. Creo que esa es la clave, defender tu opini\u00f3n, tus preferencias y tus pensamientos ante todos y tambi\u00e9n aceptar los del resto.<br \/><br \/>Es cierto que, a veces, da miedo expresarse, porque sientes que todos te juzgan y te presionas a ti mismo porque quieres gustar. Pero hay que pensar que si eres t\u00fa mismo la gente te querr\u00e1 tal y como eres y eso se va asimilando cuando creces.<br \/><br \/>Yo, personalmente, estoy viendo c\u00f3mo mi adolescencia me est\u00e1 haciendo madurar. Ahora veo las cosas de otra forma y en cuesti\u00f3n de un a\u00f1o he visto un cambio en m\u00ed muy grande pues antes no confiaba en m\u00ed misma, era muy t\u00edmida y cerrada y ten\u00eda ese miedo a no gustar del que hablaba antes. Sin embargo, ahora pienso que siendo como soy no hago da\u00f1o a nadie, que no se le puede caer bien a todo el mundo y que no pasa nada.<br \/><br \/>Y estoy muy orgullosa de haber cambiado mi forma de actuar as\u00ed porque ahora tengo muchos m\u00e1s amigos, no tengo miedo a expresar las cosas tal y como las pienso y me siento bien conmigo misma porque me he dado cuenta de que la gente me valora m\u00e1s cuando soy yo y menos cuando era lo que pensaba que pod\u00eda gustar m\u00e1s.<br \/><br \/>En conclusi\u00f3n, la adolescencia es una etapa que cuesta superar pero que cambia la perspectiva desde la que miramos las cosas.<br \/><br \/>Claudia G\u00f3mez Mart\u00edn &#8211; 3\u00ba ESO C<\/p>\n","protected":false},"excerpt":{"rendered":"<p>Todos sabemos que la adolescencia es una de las etapas m\u00e1s dif\u00edciles de nuestra vida, ya que es el momento en que nos descubrimos y definimos a nosotros mismos. Es cuando vamos encontrando las&#46;&#46;&#46;<\/p>\n","protected":false},"author":16445,"featured_media":2485,"comment_status":"open","ping_status":"closed","sticky":false,"template":"","format":"standard","meta":{"ngg_post_thumbnail":0,"footnotes":""},"categories":[58],"tags":[],"aioseo_notices":[],"_links":{"self":[{"href":"https:\/\/blogsaverroes.juntadeandalucia.es\/revistaivega\/wp-json\/wp\/v2\/posts\/2382"}],"collection":[{"href":"https:\/\/blogsaverroes.juntadeandalucia.es\/revistaivega\/wp-json\/wp\/v2\/posts"}],"about":[{"href":"https:\/\/blogsaverroes.juntadeandalucia.es\/revistaivega\/wp-json\/wp\/v2\/types\/post"}],"author":[{"embeddable":true,"href":"https:\/\/blogsaverroes.juntadeandalucia.es\/revistaivega\/wp-json\/wp\/v2\/users\/16445"}],"replies":[{"embeddable":true,"href":"https:\/\/blogsaverroes.juntadeandalucia.es\/revistaivega\/wp-json\/wp\/v2\/comments?post=2382"}],"version-history":[{"count":0,"href":"https:\/\/blogsaverroes.juntadeandalucia.es\/revistaivega\/wp-json\/wp\/v2\/posts\/2382\/revisions"}],"wp:featuredmedia":[{"embeddable":true,"href":"https:\/\/blogsaverroes.juntadeandalucia.es\/revistaivega\/wp-json\/"}],"wp:attachment":[{"href":"https:\/\/blogsaverroes.juntadeandalucia.es\/revistaivega\/wp-json\/wp\/v2\/media?parent=2382"}],"wp:term":[{"taxonomy":"category","embeddable":true,"href":"https:\/\/blogsaverroes.juntadeandalucia.es\/revistaivega\/wp-json\/wp\/v2\/categories?post=2382"},{"taxonomy":"post_tag","embeddable":true,"href":"https:\/\/blogsaverroes.juntadeandalucia.es\/revistaivega\/wp-json\/wp\/v2\/tags?post=2382"}],"curies":[{"name":"wp","href":"https:\/\/api.w.org\/{rel}","templated":true}]}}