{"id":2822,"date":"2021-06-15T22:07:09","date_gmt":"2021-06-15T22:07:09","guid":{"rendered":"http:\/\/iesvegademijas.es\/revista\/?p=2822"},"modified":"2021-06-15T22:07:09","modified_gmt":"2021-06-15T22:07:09","slug":"teatro-coreografiado","status":"publish","type":"post","link":"https:\/\/blogsaverroes.juntadeandalucia.es\/revistaivega\/2021\/06\/15\/teatro-coreografiado\/","title":{"rendered":"TEATRO COREOGRAFIADO"},"content":{"rendered":"<p>Nuestros alumnos de 2\u00ba de ESO B han coreografiado una serie de di\u00e1logos y a todo ello le han dado forma de teatro. Su profesora de Lengua, Mar\u00eda Victoria Garc\u00eda, ha querido compartir con nosotros esta actividad.<a href=\"http:\/\/iesvegademijas.es\/revista\/wp-content\/uploads\/2021\/06\/PHOTO-2021-06-14-10-08-52.jpg\"><img loading=\"lazy\" decoding=\"async\" class=\"alignnone size-medium wp-image-2823\" src=\"http:\/\/iesvegademijas.es\/revista\/wp-content\/uploads\/2021\/06\/PHOTO-2021-06-14-10-08-52-300x135.jpg\" alt=\"\" width=\"300\" height=\"135\" \/><\/a> <a href=\"http:\/\/iesvegademijas.es\/revista\/wp-content\/uploads\/2021\/06\/PHOTO-2021-06-14-10-10-16.jpg\"><img loading=\"lazy\" decoding=\"async\" class=\"alignnone size-medium wp-image-2824\" src=\"http:\/\/iesvegademijas.es\/revista\/wp-content\/uploads\/2021\/06\/PHOTO-2021-06-14-10-10-16-300x169.jpg\" alt=\"\" width=\"300\" height=\"169\" \/><\/a> <a href=\"http:\/\/iesvegademijas.es\/revista\/wp-content\/uploads\/2021\/06\/PHOTO-2021-06-14-10-11-10.jpg\"><img loading=\"lazy\" decoding=\"async\" class=\"alignnone size-medium wp-image-2825\" src=\"http:\/\/iesvegademijas.es\/revista\/wp-content\/uploads\/2021\/06\/PHOTO-2021-06-14-10-11-10-300x169.jpg\" alt=\"\" width=\"300\" height=\"169\" \/><\/a><\/p>\n","protected":false},"excerpt":{"rendered":"<p>Nuestros alumnos de 2\u00ba de ESO B han coreografiado una serie de di\u00e1logos y a todo ello le han dado forma de teatro. Su profesora de Lengua, Mar\u00eda Victoria Garc\u00eda, ha querido compartir con&#46;&#46;&#46;<\/p>\n","protected":false},"author":16445,"featured_media":2824,"comment_status":"open","ping_status":"closed","sticky":false,"template":"","format":"standard","meta":{"ngg_post_thumbnail":0,"footnotes":""},"categories":[39,38],"tags":[],"aioseo_notices":[],"_links":{"self":[{"href":"https:\/\/blogsaverroes.juntadeandalucia.es\/revistaivega\/wp-json\/wp\/v2\/posts\/2822"}],"collection":[{"href":"https:\/\/blogsaverroes.juntadeandalucia.es\/revistaivega\/wp-json\/wp\/v2\/posts"}],"about":[{"href":"https:\/\/blogsaverroes.juntadeandalucia.es\/revistaivega\/wp-json\/wp\/v2\/types\/post"}],"author":[{"embeddable":true,"href":"https:\/\/blogsaverroes.juntadeandalucia.es\/revistaivega\/wp-json\/wp\/v2\/users\/16445"}],"replies":[{"embeddable":true,"href":"https:\/\/blogsaverroes.juntadeandalucia.es\/revistaivega\/wp-json\/wp\/v2\/comments?post=2822"}],"version-history":[{"count":0,"href":"https:\/\/blogsaverroes.juntadeandalucia.es\/revistaivega\/wp-json\/wp\/v2\/posts\/2822\/revisions"}],"wp:featuredmedia":[{"embeddable":true,"href":"https:\/\/blogsaverroes.juntadeandalucia.es\/revistaivega\/wp-json\/"}],"wp:attachment":[{"href":"https:\/\/blogsaverroes.juntadeandalucia.es\/revistaivega\/wp-json\/wp\/v2\/media?parent=2822"}],"wp:term":[{"taxonomy":"category","embeddable":true,"href":"https:\/\/blogsaverroes.juntadeandalucia.es\/revistaivega\/wp-json\/wp\/v2\/categories?post=2822"},{"taxonomy":"post_tag","embeddable":true,"href":"https:\/\/blogsaverroes.juntadeandalucia.es\/revistaivega\/wp-json\/wp\/v2\/tags?post=2822"}],"curies":[{"name":"wp","href":"https:\/\/api.w.org\/{rel}","templated":true}]}}