{"id":3128,"date":"2022-01-28T23:13:39","date_gmt":"2022-01-28T23:13:39","guid":{"rendered":"http:\/\/iesvegademijas.es\/revista\/?p=3128"},"modified":"2022-01-28T23:13:39","modified_gmt":"2022-01-28T23:13:39","slug":"y-si-no-pudieras-ver","status":"publish","type":"post","link":"https:\/\/blogsaverroes.juntadeandalucia.es\/revistaivega\/2022\/01\/28\/y-si-no-pudieras-ver\/","title":{"rendered":"\u00bfY SI NO PUDIERAS VER?"},"content":{"rendered":"<p><span style=\"color: #000000;font-family: times new roman, times, serif\">Imag\u00ednate que tienes que ver una pel\u00edcula con antifaz, que lo \u00fanico que puedes comprender es gracias a una audiogu\u00eda. Imag\u00ednate que no puedes escribir como est\u00e1s acostumbrado y que la \u00fanica manera es hacerlo en lenguaje Braille para ciegos. Imag\u00ednate que tienes ante ti a una trabajadora de la ONCE a la que puedes preguntarle todo lo que se te ocurra de su experiencia diaria como persona que no puede ver. Todo esto es lo que hemos puesto en pr\u00e1ctica en las tres primeras semanas de enero con el alumnado de cine y publicidad de 4\u00baESO. <\/span><\/p>\n<div style=\"width: 1280px;\" class=\"wp-video\"><!--[if lt IE 9]><script>document.createElement('video');<\/script><![endif]-->\n<video class=\"wp-video-shortcode\" id=\"video-3128-1\" width=\"1280\" height=\"720\" preload=\"metadata\" controls=\"controls\"><source type=\"video\/mp4\" src=\"http:\/\/iesvegademijas.es\/revista\/wp-content\/uploads\/2022\/01\/pelicula-audioguia-invidentes-18-01-2022_q6Iki0se.mp4?_=1\" \/><a href=\"http:\/\/iesvegademijas.es\/revista\/wp-content\/uploads\/2022\/01\/pelicula-audioguia-invidentes-18-01-2022_q6Iki0se.mp4\">http:\/\/iesvegademijas.es\/revista\/wp-content\/uploads\/2022\/01\/pelicula-audioguia-invidentes-18-01-2022_q6Iki0se.mp4<\/a><\/video><\/div>\n<p><span style=\"color: #000000;font-family: times new roman, times, serif\">Nuestra primera actividad fue <strong>\u00abver\u00bb un corto sobre inclusi\u00f3n y luego una pel\u00edcula<\/strong> (la elegida por los alumnos fue un cl\u00e1sico entre los cl\u00e1sicos de Steven Spielberg, <em>Los Gremlins<\/em>) <strong>con antifaces cedidos por la ONCE y con la \u00fanica ayuda de una audiogu\u00eda<\/strong>, con lo que los alumnos tuvieron que activar el sentido auditivo para seguir la pel\u00edcula. Los comentarios de ellos fueron que les causaba miedo, agobio, desconcierto, p\u00e9rdida del hilo de la pel\u00edcula, etc.<\/span><\/p>\n<p><span style=\"color: #000000;font-family: times new roman, times, serif\">El d\u00eda 25 de enero tuvimos tambi\u00e9n la suerte de disfrutar de <strong>la charla de Leonor Basallote, trabajadora de la ONCE en su delegaci\u00f3n de M\u00e1laga<\/strong>, para contarnos sobre la vida diaria de una persona ciega. Adem\u00e1s, <strong>nos dio unas lecciones b\u00e1sicas para escribir y leer en lenguaje Braille, nos ense\u00f1\u00f3 c\u00f3mo llevar del brazo a un invidente, nos explic\u00f3 las principales barreras arquitect\u00f3nicas<\/strong> que se encuentran ellos por nuestras calles y, en fin, resolvi\u00f3 todas las preguntas y dudas que nuestro alumnado ten\u00eda. Fue una charla muy amena e instructiva, que caus\u00f3 un gran inter\u00e9s en nuestro alumnado asistente de 4\u00baESO y 3\u00baESO. <\/span><\/p>\n<p><span style=\"color: #000000;font-family: times new roman, times, serif\">Todas estas actividades forman parte del plan dise\u00f1ado <strong>dentro del proyecto Etwinning denominado \u00abMira tus ciudades\u00bb<\/strong>, en el que participamos con varios institutos europeos, con el objetivo de concienciar al alumnado de las dificultades de accesibilidad que tienen los invidentes movi\u00e9ndose por nuestras ciudades.\u00a0<\/span><\/p>\n<div style=\"width: 1920px;\" class=\"wp-video\"><video class=\"wp-video-shortcode\" id=\"video-3128-2\" width=\"1920\" height=\"1080\" preload=\"metadata\" controls=\"controls\"><source type=\"video\/mp4\" src=\"http:\/\/iesvegademijas.es\/revista\/wp-content\/uploads\/2022\/01\/Video-ONCE-4.mp4?_=2\" \/><a href=\"http:\/\/iesvegademijas.es\/revista\/wp-content\/uploads\/2022\/01\/Video-ONCE-4.mp4\">http:\/\/iesvegademijas.es\/revista\/wp-content\/uploads\/2022\/01\/Video-ONCE-4.mp4<\/a><\/video><\/div>\n","protected":false},"excerpt":{"rendered":"<p>Imag\u00ednate que tienes que ver una pel\u00edcula con antifaz, que lo \u00fanico que puedes comprender es gracias a una audiogu\u00eda. Imag\u00ednate que no puedes escribir como est\u00e1s acostumbrado y que la \u00fanica manera es&#46;&#46;&#46;<\/p>\n","protected":false},"author":16445,"featured_media":3136,"comment_status":"open","ping_status":"closed","sticky":false,"template":"","format":"standard","meta":{"ngg_post_thumbnail":0,"footnotes":""},"categories":[46],"tags":[32,64,70],"aioseo_notices":[],"_links":{"self":[{"href":"https:\/\/blogsaverroes.juntadeandalucia.es\/revistaivega\/wp-json\/wp\/v2\/posts\/3128"}],"collection":[{"href":"https:\/\/blogsaverroes.juntadeandalucia.es\/revistaivega\/wp-json\/wp\/v2\/posts"}],"about":[{"href":"https:\/\/blogsaverroes.juntadeandalucia.es\/revistaivega\/wp-json\/wp\/v2\/types\/post"}],"author":[{"embeddable":true,"href":"https:\/\/blogsaverroes.juntadeandalucia.es\/revistaivega\/wp-json\/wp\/v2\/users\/16445"}],"replies":[{"embeddable":true,"href":"https:\/\/blogsaverroes.juntadeandalucia.es\/revistaivega\/wp-json\/wp\/v2\/comments?post=3128"}],"version-history":[{"count":0,"href":"https:\/\/blogsaverroes.juntadeandalucia.es\/revistaivega\/wp-json\/wp\/v2\/posts\/3128\/revisions"}],"wp:featuredmedia":[{"embeddable":true,"href":"https:\/\/blogsaverroes.juntadeandalucia.es\/revistaivega\/wp-json\/"}],"wp:attachment":[{"href":"https:\/\/blogsaverroes.juntadeandalucia.es\/revistaivega\/wp-json\/wp\/v2\/media?parent=3128"}],"wp:term":[{"taxonomy":"category","embeddable":true,"href":"https:\/\/blogsaverroes.juntadeandalucia.es\/revistaivega\/wp-json\/wp\/v2\/categories?post=3128"},{"taxonomy":"post_tag","embeddable":true,"href":"https:\/\/blogsaverroes.juntadeandalucia.es\/revistaivega\/wp-json\/wp\/v2\/tags?post=3128"}],"curies":[{"name":"wp","href":"https:\/\/api.w.org\/{rel}","templated":true}]}}